{"id":947,"date":"2022-05-04T13:50:17","date_gmt":"2022-05-04T11:50:17","guid":{"rendered":"https:\/\/cosladapre.toools.es\/politica-territorial\/?p=947"},"modified":"2022-05-04T13:52:04","modified_gmt":"2022-05-04T11:52:04","slug":"empiezan-las-obras-de-reforma-del-acerado-de-la-avenida-principes-de-espana-con-las-calles-mejico-y-honduras-de-coslada","status":"publish","type":"post","link":"https:\/\/cosladapre.toools.es\/politica-territorial\/2022\/05\/04\/empiezan-las-obras-de-reforma-del-acerado-de-la-avenida-principes-de-espana-con-las-calles-mejico-y-honduras-de-coslada\/","title":{"rendered":"Empiezan las obras de reforma del acerado de la avenida Pr\u00edncipes de Espa\u00f1a con las calles M\u00e9jico y Honduras de Coslada"},"content":{"rendered":"\n<h2 class=\"wp-block-heading\">Dentro del Plan de Mejora de Pavimentos en \u00c1reas Peatonales y Calzadas<\/h2>\n\n\n\n<figure class=\"wp-block-image size-large\"><img loading=\"lazy\" decoding=\"async\" width=\"1024\" height=\"598\" src=\"https:\/\/cosladapre.toools.es\/politica-territorial\/wp-content\/uploads\/sites\/6\/2022\/05\/OBRAS-MEJICO-PPES-DE-ESPANAS-2022I4A2009-1-1024x598.jpg\" alt=\"\" class=\"wp-image-950\" srcset=\"https:\/\/cosladapre.toools.es\/politica-territorial\/wp-content\/uploads\/sites\/6\/2022\/05\/OBRAS-MEJICO-PPES-DE-ESPANAS-2022I4A2009-1-1024x598.jpg 1024w, https:\/\/cosladapre.toools.es\/politica-territorial\/wp-content\/uploads\/sites\/6\/2022\/05\/OBRAS-MEJICO-PPES-DE-ESPANAS-2022I4A2009-1-300x175.jpg 300w, https:\/\/cosladapre.toools.es\/politica-territorial\/wp-content\/uploads\/sites\/6\/2022\/05\/OBRAS-MEJICO-PPES-DE-ESPANAS-2022I4A2009-1-768x449.jpg 768w, https:\/\/cosladapre.toools.es\/politica-territorial\/wp-content\/uploads\/sites\/6\/2022\/05\/OBRAS-MEJICO-PPES-DE-ESPANAS-2022I4A2009-1-1536x897.jpg 1536w, https:\/\/cosladapre.toools.es\/politica-territorial\/wp-content\/uploads\/sites\/6\/2022\/05\/OBRAS-MEJICO-PPES-DE-ESPANAS-2022I4A2009-1-280x164.jpg 280w, https:\/\/cosladapre.toools.es\/politica-territorial\/wp-content\/uploads\/sites\/6\/2022\/05\/OBRAS-MEJICO-PPES-DE-ESPANAS-2022I4A2009-1-1500x876.jpg 1500w, https:\/\/cosladapre.toools.es\/politica-territorial\/wp-content\/uploads\/sites\/6\/2022\/05\/OBRAS-MEJICO-PPES-DE-ESPANAS-2022I4A2009-1.jpg 2000w\" sizes=\"auto, (max-width: 1024px) 100vw, 1024px\" \/><figcaption>Inicio obras en C\/ Honduras con C\/ Pr\u00edncipes de Espa\u00f1a<\/figcaption><\/figure>\n\n\n\n<p>El \u00e1rea de V\u00edas y Obras de la Concejal\u00eda de Pol\u00edtica Territorial contin\u00faa con el desarrollo de las iniciativas enmarcadas en el <strong>Plan de Mejora de Pavimentos en \u00c1reas Peatonales y Calzadas de Coslada. <\/strong>Este proyecto cuenta con una inversi\u00f3n de alrededor de 1,6 millones de euros y se desarrollar\u00e1 en diferentes barrios de la ciudad, en alguno de los cuales ya han comenzado las actuaciones.<\/p>\n\n\n\n<p>Es el caso de la <strong>avenida de la Constituci\u00f3n con las calles Buenos Aires y Luis Braille<\/strong>, con unos trabajos que se llevan a cabo en un <strong>total de 2.200 metros cuadrados<\/strong>.<\/p>\n\n\n\n<p>&nbsp;&nbsp;&nbsp;&nbsp;&nbsp;&nbsp;&nbsp;&nbsp;&nbsp;&nbsp;&nbsp; Asimismo, el departamento de <strong>V\u00edas y Obras de la Concejal\u00eda de Pol\u00edtica Territorial <\/strong>del Ayuntamiento de Coslada, ha puesto ya en marcha las obras de mejora en la <strong>avenida de Pr\u00edncipes de Espa\u00f1a con las calles Honduras y M\u00e9jico<\/strong>.<\/p>\n\n\n\n<p>&nbsp;&nbsp;&nbsp;&nbsp;&nbsp;&nbsp;&nbsp;&nbsp;&nbsp;&nbsp;&nbsp; Seg\u00fan han explicado desde V\u00edas y Obras, se trata de <strong>un tramo de acera extenso <\/strong>que se caracteriza, adem\u00e1s, por acoger un <strong>gran tr\u00e1nsito peatonal<\/strong>.<\/p>\n\n\n\n<p>&nbsp;&nbsp;&nbsp;&nbsp;&nbsp;&nbsp;&nbsp;&nbsp;&nbsp;&nbsp;&nbsp; En la actualidad su estado es muy deficiente debido, principalmente, a la <strong>antig\u00fcedad del solado<\/strong>. Tambi\u00e9n ha influido en este aspecto la <strong>acci\u00f3n del arbolado existente<\/strong>, cuyas ra\u00edces han levantado los per\u00edmetros de los <strong>alcorques y deforman la rasante <\/strong>de las aceras.<\/p>\n\n\n\n<p>&nbsp;&nbsp;&nbsp;&nbsp;&nbsp;&nbsp;&nbsp;&nbsp;&nbsp;&nbsp;&nbsp; Cabe subrayar que en el tramo de la avenida de Pr\u00edncipes de Espa\u00f1a en la que se va a actuar, el proyecto tambi\u00e9n incluye la <strong>rehabilitaci\u00f3n del carril-bici <\/strong>que, por las mismas razones mencionadas, tambi\u00e9n se encuentra bastante deteriorado.<\/p>\n\n\n\n<p>&nbsp;&nbsp;&nbsp;&nbsp;&nbsp;&nbsp;&nbsp;&nbsp;&nbsp;&nbsp;&nbsp; De este modo, en el marco del citado <strong>Plan Municipal<\/strong>, el proyecto prev\u00e9 la <strong>sustituci\u00f3n de todos los pavimentos<\/strong>, uniformando su acabado con el de las zonas colindantes (de baldosa granallada). De igual manera, se proceder\u00e1 al <strong>cambio y correcci\u00f3n de bordillos<\/strong>, la ampliaci\u00f3n y <strong>reforma de alcorques<\/strong>, la <strong>eliminaci\u00f3n de desniveles <\/strong>y la rehabilitaci\u00f3n del tramo de carril-bici.<\/p>\n\n\n\n<p>&nbsp;&nbsp;&nbsp;&nbsp;&nbsp;&nbsp;&nbsp;&nbsp;&nbsp;&nbsp;&nbsp; En total, la superficie de actuaci\u00f3n alcanzar\u00e1, una vez los trabajos est\u00e9n finalizados, a <strong>m\u00e1s de 2.000 metros cuadrados<\/strong>, todo con una <strong>inversi\u00f3n cercana a los 120.000 euros<\/strong>.<\/p>\n\n\n\n<p>&nbsp;&nbsp;&nbsp;&nbsp;&nbsp;&nbsp;&nbsp;&nbsp;&nbsp;&nbsp;&nbsp; Hay que se\u00f1alar que en todas las obras encuadradas en esta <strong>Plan de Mejora de Pavimentos en \u00c1reas Peatonales y Calzadas de Coslada<\/strong>, uno de los aspectos que se han establecido como prioritarios es la <strong>mejora de la accesibilidad y la eliminaci\u00f3n de barreras arquitect\u00f3nicas<\/strong>.<\/p>\n\n\n\n<figure class=\"wp-block-gallery has-nested-images columns-default is-cropped wp-block-gallery-1 is-layout-flex wp-block-gallery-is-layout-flex\">\n<figure class=\"wp-block-image size-large\"><img loading=\"lazy\" decoding=\"async\" width=\"1024\" height=\"669\" data-id=\"953\" src=\"https:\/\/cosladapre.toools.es\/politica-territorial\/wp-content\/uploads\/sites\/6\/2022\/05\/OBRAS-MEJICO-PPES-DE-ESPANAS-2022I4A2014-1-1024x669.jpg\" alt=\"\" class=\"wp-image-953\" srcset=\"https:\/\/cosladapre.toools.es\/politica-territorial\/wp-content\/uploads\/sites\/6\/2022\/05\/OBRAS-MEJICO-PPES-DE-ESPANAS-2022I4A2014-1-1024x669.jpg 1024w, https:\/\/cosladapre.toools.es\/politica-territorial\/wp-content\/uploads\/sites\/6\/2022\/05\/OBRAS-MEJICO-PPES-DE-ESPANAS-2022I4A2014-1-300x196.jpg 300w, https:\/\/cosladapre.toools.es\/politica-territorial\/wp-content\/uploads\/sites\/6\/2022\/05\/OBRAS-MEJICO-PPES-DE-ESPANAS-2022I4A2014-1-768x502.jpg 768w, https:\/\/cosladapre.toools.es\/politica-territorial\/wp-content\/uploads\/sites\/6\/2022\/05\/OBRAS-MEJICO-PPES-DE-ESPANAS-2022I4A2014-1-1536x1004.jpg 1536w, https:\/\/cosladapre.toools.es\/politica-territorial\/wp-content\/uploads\/sites\/6\/2022\/05\/OBRAS-MEJICO-PPES-DE-ESPANAS-2022I4A2014-1-280x183.jpg 280w, https:\/\/cosladapre.toools.es\/politica-territorial\/wp-content\/uploads\/sites\/6\/2022\/05\/OBRAS-MEJICO-PPES-DE-ESPANAS-2022I4A2014-1-1500x980.jpg 1500w, https:\/\/cosladapre.toools.es\/politica-territorial\/wp-content\/uploads\/sites\/6\/2022\/05\/OBRAS-MEJICO-PPES-DE-ESPANAS-2022I4A2014-1.jpg 2000w\" sizes=\"auto, (max-width: 1024px) 100vw, 1024px\" \/><\/figure>\n\n\n\n<figure class=\"wp-block-image size-large\"><img loading=\"lazy\" decoding=\"async\" width=\"1024\" height=\"590\" data-id=\"952\" src=\"https:\/\/cosladapre.toools.es\/politica-territorial\/wp-content\/uploads\/sites\/6\/2022\/05\/OBRAS-MEJICO-PPES-DE-ESPANAS-2022I4A2022-1-1024x590.jpg\" alt=\"\" class=\"wp-image-952\" srcset=\"https:\/\/cosladapre.toools.es\/politica-territorial\/wp-content\/uploads\/sites\/6\/2022\/05\/OBRAS-MEJICO-PPES-DE-ESPANAS-2022I4A2022-1-1024x590.jpg 1024w, https:\/\/cosladapre.toools.es\/politica-territorial\/wp-content\/uploads\/sites\/6\/2022\/05\/OBRAS-MEJICO-PPES-DE-ESPANAS-2022I4A2022-1-300x173.jpg 300w, https:\/\/cosladapre.toools.es\/politica-territorial\/wp-content\/uploads\/sites\/6\/2022\/05\/OBRAS-MEJICO-PPES-DE-ESPANAS-2022I4A2022-1-768x442.jpg 768w, https:\/\/cosladapre.toools.es\/politica-territorial\/wp-content\/uploads\/sites\/6\/2022\/05\/OBRAS-MEJICO-PPES-DE-ESPANAS-2022I4A2022-1-1536x885.jpg 1536w, https:\/\/cosladapre.toools.es\/politica-territorial\/wp-content\/uploads\/sites\/6\/2022\/05\/OBRAS-MEJICO-PPES-DE-ESPANAS-2022I4A2022-1-280x161.jpg 280w, https:\/\/cosladapre.toools.es\/politica-territorial\/wp-content\/uploads\/sites\/6\/2022\/05\/OBRAS-MEJICO-PPES-DE-ESPANAS-2022I4A2022-1-1500x864.jpg 1500w, https:\/\/cosladapre.toools.es\/politica-territorial\/wp-content\/uploads\/sites\/6\/2022\/05\/OBRAS-MEJICO-PPES-DE-ESPANAS-2022I4A2022-1.jpg 2000w\" sizes=\"auto, (max-width: 1024px) 100vw, 1024px\" \/><\/figure>\n\n\n\n<figure class=\"wp-block-image size-large\"><img loading=\"lazy\" decoding=\"async\" width=\"1024\" height=\"729\" data-id=\"954\" src=\"https:\/\/cosladapre.toools.es\/politica-territorial\/wp-content\/uploads\/sites\/6\/2022\/05\/OBRAS-MEJICO-PPES-DE-ESPANAS-2022I4A2023-1-1024x729.jpg\" alt=\"\" class=\"wp-image-954\" srcset=\"https:\/\/cosladapre.toools.es\/politica-territorial\/wp-content\/uploads\/sites\/6\/2022\/05\/OBRAS-MEJICO-PPES-DE-ESPANAS-2022I4A2023-1-1024x729.jpg 1024w, https:\/\/cosladapre.toools.es\/politica-territorial\/wp-content\/uploads\/sites\/6\/2022\/05\/OBRAS-MEJICO-PPES-DE-ESPANAS-2022I4A2023-1-300x213.jpg 300w, https:\/\/cosladapre.toools.es\/politica-territorial\/wp-content\/uploads\/sites\/6\/2022\/05\/OBRAS-MEJICO-PPES-DE-ESPANAS-2022I4A2023-1-768x546.jpg 768w, https:\/\/cosladapre.toools.es\/politica-territorial\/wp-content\/uploads\/sites\/6\/2022\/05\/OBRAS-MEJICO-PPES-DE-ESPANAS-2022I4A2023-1-1536x1093.jpg 1536w, https:\/\/cosladapre.toools.es\/politica-territorial\/wp-content\/uploads\/sites\/6\/2022\/05\/OBRAS-MEJICO-PPES-DE-ESPANAS-2022I4A2023-1-263x187.jpg 263w, https:\/\/cosladapre.toools.es\/politica-territorial\/wp-content\/uploads\/sites\/6\/2022\/05\/OBRAS-MEJICO-PPES-DE-ESPANAS-2022I4A2023-1-1500x1067.jpg 1500w, https:\/\/cosladapre.toools.es\/politica-territorial\/wp-content\/uploads\/sites\/6\/2022\/05\/OBRAS-MEJICO-PPES-DE-ESPANAS-2022I4A2023-1.jpg 2000w\" sizes=\"auto, (max-width: 1024px) 100vw, 1024px\" \/><\/figure>\n<\/figure>\n\n\n\n<p><\/p>\n","protected":false},"excerpt":{"rendered":"<p>Dentro del Plan de Mejora de Pavimentos en \u00c1reas Peatonales y Calzadas El \u00e1rea de V\u00edas y Obras de la Concejal\u00eda de Pol\u00edtica Territorial contin\u00faa con el desarrollo de las iniciativas enmarcadas en el Plan de Mejora de Pavimentos en \u00c1reas Peatonales y Calzadas de Coslada. Este proyecto cuenta con una inversi\u00f3n de alrededor de&hellip; <a class=\"continue\" href=\"https:\/\/cosladapre.toools.es\/politica-territorial\/2022\/05\/04\/empiezan-las-obras-de-reforma-del-acerado-de-la-avenida-principes-de-espana-con-las-calles-mejico-y-honduras-de-coslada\/\">Seguir leyendo<span> Empiezan las obras de reforma del acerado de la avenida Pr\u00edncipes de Espa\u00f1a con las calles M\u00e9jico y Honduras de Coslada<\/span><\/a><\/p>\n","protected":false},"author":152,"featured_media":955,"comment_status":"open","ping_status":"open","sticky":false,"template":"","format":"standard","meta":{"ngg_post_thumbnail":0,"footnotes":""},"categories":[5],"tags":[],"class_list":["post-947","post","type-post","status-publish","format-standard","has-post-thumbnail","hentry","category-vias-y-obras"],"publishpress_future_action":{"enabled":false,"date":"2026-05-08 18:14:31","action":"change-status","newStatus":"draft","terms":[],"taxonomy":"category","extraData":[]},"publishpress_future_workflow_manual_trigger":{"enabledWorkflows":[]},"_links":{"self":[{"href":"https:\/\/cosladapre.toools.es\/politica-territorial\/wp-json\/wp\/v2\/posts\/947","targetHints":{"allow":["GET"]}}],"collection":[{"href":"https:\/\/cosladapre.toools.es\/politica-territorial\/wp-json\/wp\/v2\/posts"}],"about":[{"href":"https:\/\/cosladapre.toools.es\/politica-territorial\/wp-json\/wp\/v2\/types\/post"}],"author":[{"embeddable":true,"href":"https:\/\/cosladapre.toools.es\/politica-territorial\/wp-json\/wp\/v2\/users\/152"}],"replies":[{"embeddable":true,"href":"https:\/\/cosladapre.toools.es\/politica-territorial\/wp-json\/wp\/v2\/comments?post=947"}],"version-history":[{"count":2,"href":"https:\/\/cosladapre.toools.es\/politica-territorial\/wp-json\/wp\/v2\/posts\/947\/revisions"}],"predecessor-version":[{"id":958,"href":"https:\/\/cosladapre.toools.es\/politica-territorial\/wp-json\/wp\/v2\/posts\/947\/revisions\/958"}],"wp:featuredmedia":[{"embeddable":true,"href":"https:\/\/cosladapre.toools.es\/politica-territorial\/wp-json\/wp\/v2\/media\/955"}],"wp:attachment":[{"href":"https:\/\/cosladapre.toools.es\/politica-territorial\/wp-json\/wp\/v2\/media?parent=947"}],"wp:term":[{"taxonomy":"category","embeddable":true,"href":"https:\/\/cosladapre.toools.es\/politica-territorial\/wp-json\/wp\/v2\/categories?post=947"},{"taxonomy":"post_tag","embeddable":true,"href":"https:\/\/cosladapre.toools.es\/politica-territorial\/wp-json\/wp\/v2\/tags?post=947"}],"curies":[{"name":"wp","href":"https:\/\/api.w.org\/{rel}","templated":true}]}}