{"id":871,"date":"2018-05-18T00:00:00","date_gmt":"2018-05-18T00:00:00","guid":{"rendered":"https:\/\/cosladapre.toools.es\/politica-territorial\/2018\/05\/18\/avanzan-a-buen-ritmo-las-obras-del-jardin-terapeutico-un-proyecto-pionero-en-toda-espana\/"},"modified":"2018-05-18T00:00:00","modified_gmt":"2018-05-18T00:00:00","slug":"avanzan-a-buen-ritmo-las-obras-del-jardin-terapeutico-un-proyecto-pionero-en-toda-espana","status":"publish","type":"post","link":"https:\/\/cosladapre.toools.es\/politica-territorial\/2018\/05\/18\/avanzan-a-buen-ritmo-las-obras-del-jardin-terapeutico-un-proyecto-pionero-en-toda-espana\/","title":{"rendered":"Avanzan a buen ritmo las obras del Jard\u00edn Terap\u00e9utico, un proyecto pionero en toda Espa\u00f1a"},"content":{"rendered":"<p>La<br \/>\nconcejala de Servicios Sociales, Mayores e Igualdad del Ayuntamiento de<br \/>\nCoslada,<b> Teresa<br \/>\nGonz\u00e1lez Aus\u00edn<\/b>, y la edil de Urbanismo, V\u00edas y Obras y Medio Ambiente,<b> Charo Arroyo<\/b>, han<br \/>\nvisitado esta ma\u00f1ana las obras del <b>Jard\u00edn Terap\u00e9utico<\/b> que se est\u00e1 creando en la<br \/>\navenida de la Constituci\u00f3n, en La Rambla.<\/p>\n<p>El<br \/>\njard\u00edn, con el nombre<b> \u00abLos Sentidos\u00bb<\/b> ser\u00e1 un <b>espacio ajardinado<br \/>\nabierto a la ciudad, accesible, seguro y adaptado<\/b> a proporcionar diferentes<br \/>\nterapias y actividades intergeneracionales. Aunque abierto a toda la poblaci\u00f3n,<br \/>\nest\u00e1 especialmente dirigido a<b> personas mayores y personas con diversidad<br \/>\nfuncional<\/b>.<\/p>\n<p>A<br \/>\ntrav\u00e9s de este recurso, tal y como ha explicado <b>Teresa Gonz\u00e1lez Aus\u00edn<\/b>, <i><b>\u201cse permitir\u00e1<br \/>\npromocionar la autonom\u00eda personal mediante terapia ocupacional y el<br \/>\nenvejecimiento activo y prevenir la dependencia\u201d<\/b><\/i>. Se trata de mejorar<br \/>\nlas capacidades f\u00edsicas e intelectuales y retrasar patolog\u00edas asociadas al<br \/>\nenvejecimiento.<\/p>\n<p><u><b>Cuatro m\u00f3dulos<\/b><\/u><\/p>\n<p>El<br \/>\njard\u00edn est\u00e1 divido en cuatro m\u00f3dulos: c<b>ognitivo-reminiscencias,<br \/>\nhorticultura, sensorial y f\u00edsico<\/b>. En el m\u00f3dulo cognitivo-reminiscencias<br \/>\nse unir\u00e1n los recuerdos con olores y sabores. El m\u00f3dulo de horticultura<br \/>\nser\u00e1 para las actividades hort\u00edcolas tradicionales, fomentando las relaciones<br \/>\nsociales en el \u00e1mbito natural y estimulando los sentidos.<\/p>\n<p>El<br \/>\nm\u00f3dulo sensorial servir\u00e1 para estimular los est\u00edmulos sensoriales que<br \/>\ngeneren bienestar. El objetivo del m\u00f3dulo f\u00edsico ser\u00e1 m<b>ejorar la<br \/>\nmovilidad de las personas y disfrutar del medio natural <\/b>como est\u00edmulo para la<br \/>\npr\u00e1ctica deportiva.<\/p>\n<p>Se<br \/>\nhar\u00e1 una metodolog\u00eda de intervenci\u00f3n basada en la <b>atenci\u00f3n centrada en la<br \/>\npersona. <\/b>El servicio terap\u00e9utico del jard\u00edn incluir\u00e1 programas de <b>paseo, de<br \/>\ngimnasia y relajaci\u00f3n, y recorridos de descubrimiento sensorial de olores,<br \/>\nsonidos y t\u00e1ctil<\/b>.<\/p>\n<p>La<br \/>\nresponsable municipal en materia de Servicios Sociales y Mayores ha subrayado<br \/>\nque <i><b>\u201ccada vez que somos capaces de retrasar un solo d\u00eda que una persona<br \/>\nentre en un recurso de car\u00e1cter social, ya es algo positivo, y a esto tambi\u00e9n<br \/>\nest\u00e1 destinado este jard\u00edn terap\u00e9utico\u201d.<\/b><\/i> <\/p>\n<p>Cabe<br \/>\nsubrayar que la nueva instalaci\u00f3n, aunque sigue una din\u00e1mica muy utilizada en<br \/>\nEEUU o en los pa\u00edses del norte de Europa, <b>es pionera en Espa\u00f1a, <\/b>no<br \/>\nhabi\u00e9ndose creado hasta la fecha algo similar.<\/p>\n<p>Las obras de acceso al nuevo <b>Jard\u00edn<br \/>\nTerap\u00e9utico \u201cLos Sue\u00f1os\u201d <\/b>han consistido en la<b> ampliaci\u00f3n de la plataforma<br \/>\npeatonal <\/b>ubicada en la avenida de la Constituci\u00f3n. De las mismas se ha<br \/>\nencargado el \u00c1rea de V\u00edas y Obras y tienen como <b>objetivo hacer accesible<br \/>\n<\/b>la zona para el acceso al nuevo espacio.<\/p>\n<\/p>\n<figure class=\"wp-block-image size-full\"><img decoding=\"async\" src=\"\/wp-content\/uploads\/2021\/10\/visita-obras-jardin-terapeutico-98.jpg\" alt=\"visita-obras-jardin-terapeutico-98\" class=\"wp-image-9\"\/><\/figure>\n<figure class=\"wp-block-image size-full\"><img decoding=\"async\" src=\"\/wp-content\/uploads\/2021\/10\/visita-obras-jardin-terapeutico-69.jpg\" alt=\"visita-obras-jardin-terapeutico-69\" class=\"wp-image-9\"\/><\/figure>\n<figure class=\"wp-block-image size-full\"><img decoding=\"async\" src=\"\/wp-content\/uploads\/2021\/10\/visita-obras-jardin-terapeutico-91.jpg\" alt=\"visita-obras-jardin-terapeutico-91\" class=\"wp-image-9\"\/><\/figure>\n<figure class=\"wp-block-audio\"><audio controls src=\"\/wp-content\/uploads\/2021\/10\/cjala-servicios-sociales-jardin-terapeutico.mp3\" alt=\"cjala-servicios-sociales-jardin-terapeutico\"><\/audio><\/figure>\n<figure class=\"wp-block-audio\"><audio controls src=\"\/wp-content\/uploads\/2021\/10\/cjala-servicios-sociales-jardin-terapeutico-2.mp3\" alt=\"cjala-servicios-sociales-jardin-terapeutico-2\"><\/audio><\/figure>\n<figure class=\"wp-block-audio\"><audio controls src=\"\/wp-content\/uploads\/2021\/10\/cjala-servicios-sociales-jardin-terapeutico-3.mp3\" alt=\"cjala-servicios-sociales-jardin-terapeutico-3\"><\/audio><\/figure>\n<figure class=\"wp-block-audio\"><audio controls src=\"\/wp-content\/uploads\/2021\/10\/cjala-vias-y-obras-jardin-terapeutico.mp3\" alt=\"cjala-vias-y-obras-jardin-terapeutico\"><\/audio><\/figure>\n","protected":false},"excerpt":{"rendered":"<p>La concejala de Servicios Sociales, Mayores e Igualdad del Ayuntamiento de Coslada, Teresa Gonz\u00e1lez Aus\u00edn, y la edil de Urbanismo, V\u00edas y Obras y Medio Ambiente, Charo Arroyo, han visitado esta ma\u00f1ana las obras del Jard\u00edn Terap\u00e9utico que se est\u00e1 creando en la avenida de la Constituci\u00f3n, en La Rambla. El jard\u00edn, con el nombre&hellip; <a class=\"continue\" href=\"https:\/\/cosladapre.toools.es\/politica-territorial\/2018\/05\/18\/avanzan-a-buen-ritmo-las-obras-del-jardin-terapeutico-un-proyecto-pionero-en-toda-espana\/\">Seguir leyendo<span> Avanzan a buen ritmo las obras del Jard\u00edn Terap\u00e9utico, un proyecto pionero en toda Espa\u00f1a<\/span><\/a><\/p>\n","protected":false},"author":1,"featured_media":0,"comment_status":"open","ping_status":"open","sticky":false,"template":"","format":"standard","meta":{"ngg_post_thumbnail":0,"footnotes":""},"categories":[45,46,5],"tags":[],"class_list":["post-871","post","type-post","status-publish","format-standard","hentry","category-mayores","category-servicios-sociales","category-vias-y-obras"],"publishpress_future_action":{"enabled":false,"date":"2026-05-06 16:54:50","action":"change-status","newStatus":"draft","terms":[],"taxonomy":"category","extraData":[]},"publishpress_future_workflow_manual_trigger":{"enabledWorkflows":[]},"_links":{"self":[{"href":"https:\/\/cosladapre.toools.es\/politica-territorial\/wp-json\/wp\/v2\/posts\/871","targetHints":{"allow":["GET"]}}],"collection":[{"href":"https:\/\/cosladapre.toools.es\/politica-territorial\/wp-json\/wp\/v2\/posts"}],"about":[{"href":"https:\/\/cosladapre.toools.es\/politica-territorial\/wp-json\/wp\/v2\/types\/post"}],"author":[{"embeddable":true,"href":"https:\/\/cosladapre.toools.es\/politica-territorial\/wp-json\/wp\/v2\/users\/1"}],"replies":[{"embeddable":true,"href":"https:\/\/cosladapre.toools.es\/politica-territorial\/wp-json\/wp\/v2\/comments?post=871"}],"version-history":[{"count":0,"href":"https:\/\/cosladapre.toools.es\/politica-territorial\/wp-json\/wp\/v2\/posts\/871\/revisions"}],"wp:attachment":[{"href":"https:\/\/cosladapre.toools.es\/politica-territorial\/wp-json\/wp\/v2\/media?parent=871"}],"wp:term":[{"taxonomy":"category","embeddable":true,"href":"https:\/\/cosladapre.toools.es\/politica-territorial\/wp-json\/wp\/v2\/categories?post=871"},{"taxonomy":"post_tag","embeddable":true,"href":"https:\/\/cosladapre.toools.es\/politica-territorial\/wp-json\/wp\/v2\/tags?post=871"}],"curies":[{"name":"wp","href":"https:\/\/api.w.org\/{rel}","templated":true}]}}