{"id":855,"date":"2019-05-14T00:00:00","date_gmt":"2019-05-14T00:00:00","guid":{"rendered":"https:\/\/cosladapre.toools.es\/politica-territorial\/2019\/05\/14\/la-compania-zity-pone-en-marcha-en-coslada-su-servicio-de-carsharing\/"},"modified":"2019-05-14T00:00:00","modified_gmt":"2019-05-14T00:00:00","slug":"la-compania-zity-pone-en-marcha-en-coslada-su-servicio-de-carsharing","status":"publish","type":"post","link":"https:\/\/cosladapre.toools.es\/politica-territorial\/2019\/05\/14\/la-compania-zity-pone-en-marcha-en-coslada-su-servicio-de-carsharing\/","title":{"rendered":"La compa\u00f1\u00eda ZITY pone en marcha en Coslada su servicio de carsharing"},"content":{"rendered":"<p>Esta<br \/>\nmisma ma\u00f1ana, el alcalde de Coslada, <b>\u00c1ngel Viveros<\/b>, acompa\u00f1ado por la<br \/>\nconcejala de Urbanismo y primera teniente de alcalde, <b>Charo Arroyo<\/b>, y el<br \/>\ndirector de Ferrovial Servicios en Madrid, <b>Ricardo L\u00f3pez de Haro<\/b>, y la<br \/>\nresponsable de Comunicaci\u00f3n y Marketing de <b>ZITY<\/b>, <b>Pilar Garc\u00eda<\/b>,<br \/>\nhan visitado uno de los dos espacios que esta empresa tiene en la ciudad para<br \/>\nsu servicio de<i> carsharing. <\/i><\/p>\n<p>En el caso concreto de Coslada, ambas<br \/>\nlocalizaciones para prestar servicio se encuentran en las calles <b>Doctor<br \/>\nMichavila <\/b>y<b> Mar Cant\u00e1brico<\/b>, esta \u00faltima en el aparcamiento situado<br \/>\njunto al Estadio El Olivo, en pleno <b>Barrio del Puerto<\/b>, hasta la que se<br \/>\nhan desplazado esta ma\u00f1ana. <\/p>\n<p>En total, se han creado <b>18 plazas<\/b>, 6<br \/>\nen la primera v\u00eda y 10 en la segunda, que pueden ser identificadas gracias a la<br \/>\n<b>se\u00f1alizaci\u00f3n vertical y horizontal <\/b>de la que disponen. <\/p>\n<p>Este sistema <i>carsharing <\/i>permite<br \/>\na los clientes el <b>alquiler de veh\u00edculos por un tiempo limitado<\/b>. En el<br \/>\ncaso de la empresa que ha puesto en marcha el servicio en Coslada, los coches<br \/>\npresentan la caracter\u00edstica de <b>ser totalmente el\u00e9ctricos<\/b>, es decir, con<br \/>\ncero emisiones.<\/p>\n<figure class=\"wp-block-image size-full\"><img decoding=\"async\" src=\"\/wp-content\/uploads\/2021\/10\/carsharing-55.jpg\" alt=\"carsharing-55\" class=\"wp-image-9\"\/><\/figure>\n<figure class=\"wp-block-image size-full\"><img decoding=\"async\" src=\"\/wp-content\/uploads\/2021\/10\/carsharing-86-web.jpg\" alt=\"carsharing-86-web\" class=\"wp-image-9\"\/><\/figure>\n","protected":false},"excerpt":{"rendered":"<p>Esta misma ma\u00f1ana, el alcalde de Coslada, \u00c1ngel Viveros, acompa\u00f1ado por la concejala de Urbanismo y primera teniente de alcalde, Charo Arroyo, y el director de Ferrovial Servicios en Madrid, Ricardo L\u00f3pez de Haro, y la responsable de Comunicaci\u00f3n y Marketing de ZITY, Pilar Garc\u00eda, han visitado uno de los dos espacios que esta empresa&hellip; <a class=\"continue\" href=\"https:\/\/cosladapre.toools.es\/politica-territorial\/2019\/05\/14\/la-compania-zity-pone-en-marcha-en-coslada-su-servicio-de-carsharing\/\">Seguir leyendo<span> La compa\u00f1\u00eda ZITY pone en marcha en Coslada su servicio de carsharing<\/span><\/a><\/p>\n","protected":false},"author":1,"featured_media":0,"comment_status":"open","ping_status":"open","sticky":false,"template":"","format":"standard","meta":{"ngg_post_thumbnail":0,"footnotes":""},"categories":[33,5],"tags":[],"class_list":["post-855","post","type-post","status-publish","format-standard","hentry","category-medio-ambiente","category-vias-y-obras"],"publishpress_future_action":{"enabled":false,"date":"2026-05-06 16:32:49","action":"change-status","newStatus":"draft","terms":[],"taxonomy":"category","extraData":[]},"publishpress_future_workflow_manual_trigger":{"enabledWorkflows":[]},"_links":{"self":[{"href":"https:\/\/cosladapre.toools.es\/politica-territorial\/wp-json\/wp\/v2\/posts\/855","targetHints":{"allow":["GET"]}}],"collection":[{"href":"https:\/\/cosladapre.toools.es\/politica-territorial\/wp-json\/wp\/v2\/posts"}],"about":[{"href":"https:\/\/cosladapre.toools.es\/politica-territorial\/wp-json\/wp\/v2\/types\/post"}],"author":[{"embeddable":true,"href":"https:\/\/cosladapre.toools.es\/politica-territorial\/wp-json\/wp\/v2\/users\/1"}],"replies":[{"embeddable":true,"href":"https:\/\/cosladapre.toools.es\/politica-territorial\/wp-json\/wp\/v2\/comments?post=855"}],"version-history":[{"count":0,"href":"https:\/\/cosladapre.toools.es\/politica-territorial\/wp-json\/wp\/v2\/posts\/855\/revisions"}],"wp:attachment":[{"href":"https:\/\/cosladapre.toools.es\/politica-territorial\/wp-json\/wp\/v2\/media?parent=855"}],"wp:term":[{"taxonomy":"category","embeddable":true,"href":"https:\/\/cosladapre.toools.es\/politica-territorial\/wp-json\/wp\/v2\/categories?post=855"},{"taxonomy":"post_tag","embeddable":true,"href":"https:\/\/cosladapre.toools.es\/politica-territorial\/wp-json\/wp\/v2\/tags?post=855"}],"curies":[{"name":"wp","href":"https:\/\/api.w.org\/{rel}","templated":true}]}}