{"id":794,"date":"2018-04-12T00:00:00","date_gmt":"2018-04-12T00:00:00","guid":{"rendered":"https:\/\/cosladapre.toools.es\/politica-territorial\/2018\/04\/12\/el-ambicioso-proyecto-de-reurbanizacion-para-las-avenidas-de-berlin-y-madrid-del-barrio-de-ciudad-70-abierto-a-la-participacion-vecinal\/"},"modified":"2018-04-12T00:00:00","modified_gmt":"2018-04-12T00:00:00","slug":"el-ambicioso-proyecto-de-reurbanizacion-para-las-avenidas-de-berlin-y-madrid-del-barrio-de-ciudad-70-abierto-a-la-participacion-vecinal","status":"publish","type":"post","link":"https:\/\/cosladapre.toools.es\/politica-territorial\/2018\/04\/12\/el-ambicioso-proyecto-de-reurbanizacion-para-las-avenidas-de-berlin-y-madrid-del-barrio-de-ciudad-70-abierto-a-la-participacion-vecinal\/","title":{"rendered":"El ambicioso proyecto de reurbanizaci\u00f3n para las avenidas de Berl\u00edn y Madrid del barrio de Ciudad 70, abierto a la participaci\u00f3n vecinal"},"content":{"rendered":"<p>El<br \/>\nproyecto preparado por el Gobierno Municipal de Coslada para las avenidas de<br \/>\nBerl\u00edn y Madrid en el barrio de Ciudad 70 contin\u00faa dando pasos adelante. Dicha<br \/>\nactuaci\u00f3n, <b><i>\u201cambiciosa\u201d<\/i><\/b> en palabras de la concejala de Urbanismo y<br \/>\nV\u00edas y Obras, <b>Charo Arroyo<\/b>, ha sido enviada ya a la Comunidad de Madrid<br \/>\npara cumplimentar el tr\u00e1mite de su inclusi\u00f3n en los proyectos del pr\u00f3ximo Plan<br \/>\nde Inversiones Regional (PIR).<\/p>\n<p>No obstante lo anterior, el proyecto que<br \/>\npropone una <b>reurbanizaci\u00f3n de estas v\u00edas del importante barrio de Ciudad 70<\/b>,<br \/>\nes abierto, lo que quiere decir que tanto vecinos y vecinas, como t\u00e9cnicos<br \/>\nmunicipales y partidos de la oposici\u00f3n, siguen haciendo aportaciones a tener en<br \/>\ncuenta siempre que cumpla con los criterios t\u00e9cnicos legales. <\/p>\n<p>Precisamente, el alcalde de Coslada, <b>\u00c1ngel<br \/>\nViveros<\/b>, junto con el resto de concejales del <b>equipo de Gobierno de<br \/>\nCoslada<\/b>, se han reunido en varias ocasiones con los representantes de los<br \/>\nvecinos y vecinas, as\u00ed como con residentes a t\u00edtulo individual, para conocer <b>sus<br \/>\npropuestas e inquietudes<\/b> en torno a este destacado proyecto que persigue la<br \/>\nmejora de las arterias principales del barrio en las que residen m\u00e1s de 9.000<br \/>\npersonas, tras d\u00e9cadas de abandono.<\/p>\n<p><u><b>M\u00e1s plazas de aparcamiento<\/b><\/u><\/p>\n<p>A modo de ejemplo, en esos encuentros el<br \/>\nregidor se comprometi\u00f3 a <b>eliminar las plazas de aparcamiento<\/b> <b>estrictamente<br \/>\nnecesarias <\/b>(en torno a 50), al tiempo que se comprometi\u00f3 a plantear como<br \/>\nalternativa la habilitaci\u00f3n de una zona de estacionamiento en el antiguo campo<br \/>\nde f\u00fatbol del Rayo 70, con m\u00e1s plazas de las que podr\u00edan perderse (m\u00e1s de 80)<br \/>\nlo que incrementar\u00eda el parque de aparcamientos en dicho barrio. <\/p>\n<p>En relaci\u00f3n con este proyecto, en las<br \/>\n\u00faltimas horas, el <b>Grupo Municipal de C\u2019s ha elevado un escrito <\/b>en el que<br \/>\npide que se retire el proyecto remitido a la administraci\u00f3n auton\u00f3mica. <\/p>\n<p>En palabras de la edil de Urbanismo y V\u00edas y<br \/>\nObras, <b>Charo Arroyo<\/b>, esta solicitud <b><i>\u201cresponde a un inter\u00e9s<br \/>\nclaramente partidista y electoralista puesto que este partido forma parte de la<br \/>\nMesa de la Movilidad constituida en este Ayuntamiento\u201d<\/i><\/b>. A dicho \u00f3rgano<br \/>\nse ha dado traslado del citado proyecto para las avenidas de Berl\u00edn y Madrid,<br \/>\ncon la circunstancia de que, a las reuniones celebradas hasta el momento, se<br \/>\nunir\u00e1 otro encuentro el pr\u00f3ximo d\u00eda 18 en el que tambi\u00e9n participar\u00e1n los<br \/>\nredactores del mismo, para abordar esta actuaci\u00f3n desde un punto de vista<br \/>\nt\u00e9cnico.<\/p>\n<p><u><b>\u201c<i>Desconocimiento o electoralismo<\/i>\u201d<\/b><\/u><\/p>\n<p><b><i>\u201cLo hemos dicho en varias ocasiones y<br \/>\nvolvemos a reiterarlo. El proyecto para este barrio de nuestra ciudad es<br \/>\nabierto, por lo que tendr\u00e1 en cuenta las mejoras y sugerencias de los<br \/>\ncolectivos interesados, en particular el vecinal\u201d<\/i><\/b>, ha dicho Arroyo. <b><i>\u201cEs llamativa la<br \/>\nactitud del portavoz de Ciudadanos porque, o bien no conoce la normativa<br \/>\nactual, o bien busca r\u00e9dito pol\u00edtico a un a\u00f1o de las elecciones. En ambos<br \/>\ncasos, la conclusi\u00f3n ser\u00eda m\u00e1s que criticable\u201d<\/i><\/b>, ha concluido. <\/p>\n<p>La remisi\u00f3n del proyecto previsto para las <b>avenidas<br \/>\nde Berl\u00edn y Madrid del barrio de Ciudad 70 <\/b>a la Comunidad de Madrid obedece<br \/>\na las previsiones fijadas en la normativa que regula el Programa de Inversi\u00f3n<br \/>\nRegional (PIR), seg\u00fan la cual debe ser esta instancia la que ha de dar el visto<br \/>\nbueno a las actuaciones que ser\u00e1n licitadas por los Ayuntamientos.<\/p>\n<p>La solicitud del citado<br \/>\ngrupo de la oposici\u00f3n <b>conllevar\u00eda un retraso todav\u00eda mayor <\/b>en la<br \/>\nreurbanizaci\u00f3n de uno de los barrios m\u00e1s olvidados de Coslada, y en el que no<br \/>\nse llevan a cabo actuaciones de mejora de la escena urbana desde hace casi una<br \/>\nd\u00e9cada. <\/p>\n<figure class=\"wp-block-image size-full\"><img decoding=\"async\" src=\"\/wp-content\/uploads\/2021\/10\/avenida-de-berlin.jpg\" alt=\"avenida-de-berlin\" class=\"wp-image-9\"\/><\/figure>\n<figure class=\"wp-block-image size-full\"><img decoding=\"async\" src=\"\/wp-content\/uploads\/2021\/10\/avenida-de-madrid.jpg\" alt=\"avenida-de-madrid\" class=\"wp-image-9\"\/><\/figure>\n<figure class=\"wp-block-audio\"><audio controls src=\"\/wp-content\/uploads\/2021\/10\/cjala-sobre-consecuencias-de-retirar-el-proyecto-para-ciudad-70.mp3\" alt=\"cjala-sobre-consecuencias-de-retirar-el-proyecto-para-ciudad-70\"><\/audio><\/figure>\n<figure class=\"wp-block-audio\"><audio controls src=\"\/wp-content\/uploads\/2021\/10\/cjala-urbanismo-sobre-aparcamientos-proyecto-berlin.mp3\" alt=\"cjala-urbanismo-sobre-aparcamientos-proyecto-berlin\"><\/audio><\/figure>\n<figure class=\"wp-block-audio\"><audio controls src=\"\/wp-content\/uploads\/2021\/10\/cjala-urbanismo-sobre-caracteristicas-proyecto-ciudad-70.mp3\" alt=\"cjala-urbanismo-sobre-caracteristicas-proyecto-ciudad-70\"><\/audio><\/figure>\n<figure class=\"wp-block-audio\"><audio controls src=\"\/wp-content\/uploads\/2021\/10\/cjala-urbanismo-sobre-participacion-vecinal-y-partidos.mp3\" alt=\"cjala-urbanismo-sobre-participacion-vecinal-y-partidos\"><\/audio><\/figure>\n<figure class=\"wp-block-audio\"><audio controls src=\"\/wp-content\/uploads\/2021\/10\/cjala-urbanismo-sobre-proyecto-ciudad-70.mp3\" alt=\"cjala-urbanismo-sobre-proyecto-ciudad-70\"><\/audio><\/figure>\n","protected":false},"excerpt":{"rendered":"<p>El proyecto preparado por el Gobierno Municipal de Coslada para las avenidas de Berl\u00edn y Madrid en el barrio de Ciudad 70 contin\u00faa dando pasos adelante. Dicha actuaci\u00f3n, \u201cambiciosa\u201d en palabras de la concejala de Urbanismo y V\u00edas y Obras, Charo Arroyo, ha sido enviada ya a la Comunidad de Madrid para cumplimentar el tr\u00e1mite&hellip; <a class=\"continue\" href=\"https:\/\/cosladapre.toools.es\/politica-territorial\/2018\/04\/12\/el-ambicioso-proyecto-de-reurbanizacion-para-las-avenidas-de-berlin-y-madrid-del-barrio-de-ciudad-70-abierto-a-la-participacion-vecinal\/\">Seguir leyendo<span> El ambicioso proyecto de reurbanizaci\u00f3n para las avenidas de Berl\u00edn y Madrid del barrio de Ciudad 70, abierto a la participaci\u00f3n vecinal<\/span><\/a><\/p>\n","protected":false},"author":1,"featured_media":0,"comment_status":"open","ping_status":"open","sticky":false,"template":"","format":"standard","meta":{"ngg_post_thumbnail":0,"footnotes":""},"categories":[4,5],"tags":[],"class_list":["post-794","post","type-post","status-publish","format-standard","hentry","category-urbanismo","category-vias-y-obras"],"publishpress_future_action":{"enabled":false,"date":"2026-05-06 15:08:29","action":"change-status","newStatus":"draft","terms":[],"taxonomy":"category","extraData":[]},"publishpress_future_workflow_manual_trigger":{"enabledWorkflows":[]},"_links":{"self":[{"href":"https:\/\/cosladapre.toools.es\/politica-territorial\/wp-json\/wp\/v2\/posts\/794","targetHints":{"allow":["GET"]}}],"collection":[{"href":"https:\/\/cosladapre.toools.es\/politica-territorial\/wp-json\/wp\/v2\/posts"}],"about":[{"href":"https:\/\/cosladapre.toools.es\/politica-territorial\/wp-json\/wp\/v2\/types\/post"}],"author":[{"embeddable":true,"href":"https:\/\/cosladapre.toools.es\/politica-territorial\/wp-json\/wp\/v2\/users\/1"}],"replies":[{"embeddable":true,"href":"https:\/\/cosladapre.toools.es\/politica-territorial\/wp-json\/wp\/v2\/comments?post=794"}],"version-history":[{"count":0,"href":"https:\/\/cosladapre.toools.es\/politica-territorial\/wp-json\/wp\/v2\/posts\/794\/revisions"}],"wp:attachment":[{"href":"https:\/\/cosladapre.toools.es\/politica-territorial\/wp-json\/wp\/v2\/media?parent=794"}],"wp:term":[{"taxonomy":"category","embeddable":true,"href":"https:\/\/cosladapre.toools.es\/politica-territorial\/wp-json\/wp\/v2\/categories?post=794"},{"taxonomy":"post_tag","embeddable":true,"href":"https:\/\/cosladapre.toools.es\/politica-territorial\/wp-json\/wp\/v2\/tags?post=794"}],"curies":[{"name":"wp","href":"https:\/\/api.w.org\/{rel}","templated":true}]}}