{"id":1305,"date":"2022-11-24T13:59:58","date_gmt":"2022-11-24T12:59:58","guid":{"rendered":"https:\/\/cosladapre.toools.es\/politica-territorial\/?p=1305"},"modified":"2022-11-24T14:00:00","modified_gmt":"2022-11-24T13:00:00","slug":"politica-territorial-de-coslada-se-reune-con-representantes-vecinales-de-la-urbanizacion-el-esparragal","status":"publish","type":"post","link":"https:\/\/cosladapre.toools.es\/politica-territorial\/2022\/11\/24\/politica-territorial-de-coslada-se-reune-con-representantes-vecinales-de-la-urbanizacion-el-esparragal\/","title":{"rendered":"Pol\u00edtica Territorial de Coslada se re\u00fane con representantes vecinales de la urbanizaci\u00f3n El Esparragal"},"content":{"rendered":"\n<h2 class=\"wp-block-heading\">Para seguir perfilando las mejoras en esta zona de la ciudad<\/h2>\n\n\n\n<figure class=\"wp-block-image size-large\"><img loading=\"lazy\" decoding=\"async\" width=\"1024\" height=\"603\" src=\"https:\/\/cosladapre.toools.es\/politica-territorial\/wp-content\/uploads\/sites\/6\/2022\/11\/REUNION-URBANISMO-ESPARRAGAL-815-1024x603.jpg\" alt=\"\" class=\"wp-image-1306\" srcset=\"https:\/\/cosladapre.toools.es\/politica-territorial\/wp-content\/uploads\/sites\/6\/2022\/11\/REUNION-URBANISMO-ESPARRAGAL-815-1024x603.jpg 1024w, https:\/\/cosladapre.toools.es\/politica-territorial\/wp-content\/uploads\/sites\/6\/2022\/11\/REUNION-URBANISMO-ESPARRAGAL-815-300x177.jpg 300w, https:\/\/cosladapre.toools.es\/politica-territorial\/wp-content\/uploads\/sites\/6\/2022\/11\/REUNION-URBANISMO-ESPARRAGAL-815-768x452.jpg 768w, https:\/\/cosladapre.toools.es\/politica-territorial\/wp-content\/uploads\/sites\/6\/2022\/11\/REUNION-URBANISMO-ESPARRAGAL-815-1536x905.jpg 1536w, https:\/\/cosladapre.toools.es\/politica-territorial\/wp-content\/uploads\/sites\/6\/2022\/11\/REUNION-URBANISMO-ESPARRAGAL-815-2048x1206.jpg 2048w, https:\/\/cosladapre.toools.es\/politica-territorial\/wp-content\/uploads\/sites\/6\/2022\/11\/REUNION-URBANISMO-ESPARRAGAL-815-280x165.jpg 280w, https:\/\/cosladapre.toools.es\/politica-territorial\/wp-content\/uploads\/sites\/6\/2022\/11\/REUNION-URBANISMO-ESPARRAGAL-815-1500x884.jpg 1500w, https:\/\/cosladapre.toools.es\/politica-territorial\/wp-content\/uploads\/sites\/6\/2022\/11\/REUNION-URBANISMO-ESPARRAGAL-815-1320x778.jpg 1320w\" sizes=\"auto, (max-width: 1024px) 100vw, 1024px\" \/><\/figure>\n\n\n\n<p>El concejal delegado de Pol\u00edtica Territorial, <strong>Jos\u00e9 Sousa<\/strong>, ha mantenido un encuentro con un <strong>colectivo de vecinos y vecinas del barrio de El Esparragal de Coslada <\/strong>para abordar las mejoras que se van a llevar a cabo en varias calles de este zona de la ciudad.<\/p>\n\n\n\n<p>En la reuni\u00f3n, los propietarios pertenecientes a la asociaci\u00f3n de <strong>Viviendas Unifamilares Sociedad Cooperativa Limitada <\/strong>del citado <strong>barrio de El Esparragal<\/strong>, han dado a conocer al edil delegado responsable en la materia sus aportaciones de cara a la ejecuci\u00f3n de las mejoras que se llevar\u00e1n a cabo en la zona en el marco del II Plan impulsado por el Ayuntamiento de Coslada para la Mejora del Pavimento. La primera fase de este Plan ya ha beneficiado otras \u00e1reas del municipio, como <strong>las avenidas de Mosc\u00fa, Constituci\u00f3n y Pr\u00edncipes de Espa\u00f1a y calles como Honduras,<\/strong> por citar solo algunos ejemplos.<\/p>\n\n\n\n<p>El concejal delegado de Pol\u00edtica Territorial, <strong>Jos\u00e9 Sousa<\/strong>, adem\u00e1s de ofrecerles detalles del proyecto, se ha comprometido ha estudiar dichas propuestas vecinales y, en su caso, a tener en consideraci\u00f3n las que sea posible desde las perspectivas t\u00e9cnica y econ\u00f3mica.<\/p>\n\n\n\n<p>En la reuni\u00f3n, que se ha celebrado en un clima de cordialidad a petici\u00f3n de los residentes en El Esparragal, estos han hecho llegar al edil el <strong>documento informativo <\/strong>que desde la Sociedad Cooperativa se ha repartido entre sus asociados de la urbanizaci\u00f3n con el objetivo de aclarar las cosas. Esta medida se ha debido a la aparici\u00f3n de <strong><em>\u201cinformaci\u00f3n malintencionada\u201d<\/em><\/strong>, tal y como la describen, que alguien ha lanzado sobre el proyecto de mejoras previsto para El Esparragal.&nbsp;<\/p>\n\n\n\n<p>Cabe subrayar que las reuniones entre el Ayuntamiento de Coslada, representado por el concejal delegado de Pol\u00edtica Territorial, <strong>Jos\u00e9 Sousa<\/strong>, y la Sociedad Cooperativa <strong>ha sido constante, fluida y permanente<\/strong>.<\/p>\n\n\n\n<p><strong><em>\u201cEsta es la \u00fanica manera <\/em><\/strong>\u2013tal y como ha subrayado el edil- <strong><em>de que las mejoras beneficien de verdad a los residentes en los barrios de Coslada<\/em><\/strong>\u201d.<\/p>\n\n\n\n<p>En este sentido, al t\u00e9rmino del encuentro ha a\u00f1adido que <strong><em>\u201csi bien no siempre se pueden atender todas las propuestas de las vecinas y vecinos, tenemos el encargo del alcalde, \u00c1ngel Viveros, de que esa interlocuci\u00f3n sea permanente y, en la medida de lo posible, que las iniciativas de los residentes se tengan en cuenta\u201d<\/em><\/strong>. <a><\/a><strong><em><\/em><\/strong><\/p>\n","protected":false},"excerpt":{"rendered":"<p>Para seguir perfilando las mejoras en esta zona de la ciudad El concejal delegado de Pol\u00edtica Territorial, Jos\u00e9 Sousa, ha mantenido un encuentro con un colectivo de vecinos y vecinas del barrio de El Esparragal de Coslada para abordar las mejoras que se van a llevar a cabo en varias calles de este zona de&hellip; <a class=\"continue\" href=\"https:\/\/cosladapre.toools.es\/politica-territorial\/2022\/11\/24\/politica-territorial-de-coslada-se-reune-con-representantes-vecinales-de-la-urbanizacion-el-esparragal\/\">Seguir leyendo<span> Pol\u00edtica Territorial de Coslada se re\u00fane con representantes vecinales de la urbanizaci\u00f3n El Esparragal<\/span><\/a><\/p>\n","protected":false},"author":152,"featured_media":0,"comment_status":"closed","ping_status":"closed","sticky":false,"template":"","format":"standard","meta":{"ngg_post_thumbnail":0,"footnotes":""},"categories":[4,5],"tags":[],"class_list":["post-1305","post","type-post","status-publish","format-standard","hentry","category-urbanismo","category-vias-y-obras"],"publishpress_future_action":{"enabled":false,"date":"2026-05-08 15:21:37","action":"change-status","newStatus":"draft","terms":[],"taxonomy":"category","extraData":[]},"publishpress_future_workflow_manual_trigger":{"enabledWorkflows":[]},"_links":{"self":[{"href":"https:\/\/cosladapre.toools.es\/politica-territorial\/wp-json\/wp\/v2\/posts\/1305","targetHints":{"allow":["GET"]}}],"collection":[{"href":"https:\/\/cosladapre.toools.es\/politica-territorial\/wp-json\/wp\/v2\/posts"}],"about":[{"href":"https:\/\/cosladapre.toools.es\/politica-territorial\/wp-json\/wp\/v2\/types\/post"}],"author":[{"embeddable":true,"href":"https:\/\/cosladapre.toools.es\/politica-territorial\/wp-json\/wp\/v2\/users\/152"}],"replies":[{"embeddable":true,"href":"https:\/\/cosladapre.toools.es\/politica-territorial\/wp-json\/wp\/v2\/comments?post=1305"}],"version-history":[{"count":1,"href":"https:\/\/cosladapre.toools.es\/politica-territorial\/wp-json\/wp\/v2\/posts\/1305\/revisions"}],"predecessor-version":[{"id":1307,"href":"https:\/\/cosladapre.toools.es\/politica-territorial\/wp-json\/wp\/v2\/posts\/1305\/revisions\/1307"}],"wp:attachment":[{"href":"https:\/\/cosladapre.toools.es\/politica-territorial\/wp-json\/wp\/v2\/media?parent=1305"}],"wp:term":[{"taxonomy":"category","embeddable":true,"href":"https:\/\/cosladapre.toools.es\/politica-territorial\/wp-json\/wp\/v2\/categories?post=1305"},{"taxonomy":"post_tag","embeddable":true,"href":"https:\/\/cosladapre.toools.es\/politica-territorial\/wp-json\/wp\/v2\/tags?post=1305"}],"curies":[{"name":"wp","href":"https:\/\/api.w.org\/{rel}","templated":true}]}}