{"id":1266,"date":"2022-10-26T14:15:08","date_gmt":"2022-10-26T12:15:08","guid":{"rendered":"https:\/\/cosladapre.toools.es\/politica-territorial\/?p=1266"},"modified":"2022-10-26T14:15:10","modified_gmt":"2022-10-26T12:15:10","slug":"los-residentes-de-la-colina-y-el-esparragal-apoyan-las-obras-de-mejora-del-acerado-previstas-para-sus-calles-por-el-ayuntamiento-de-coslada","status":"publish","type":"post","link":"https:\/\/cosladapre.toools.es\/politica-territorial\/2022\/10\/26\/los-residentes-de-la-colina-y-el-esparragal-apoyan-las-obras-de-mejora-del-acerado-previstas-para-sus-calles-por-el-ayuntamiento-de-coslada\/","title":{"rendered":"Los residentes de La Colina y El Esparragal apoyan las obras de mejora del acerado previstas para sus calles por el Ayuntamiento de Coslada"},"content":{"rendered":"\n<h2 class=\"wp-block-heading\">Respuesta mayoritaria a favor de las actuaciones que se realizan actualmente<\/h2>\n\n\n\n<figure class=\"wp-block-image size-large\"><img loading=\"lazy\" decoding=\"async\" width=\"1024\" height=\"648\" src=\"https:\/\/cosladapre.toools.es\/politica-territorial\/wp-content\/uploads\/sites\/6\/2022\/10\/OBRAS-ACERAS-CALLE-MOSCUI4A5575-1024x648.jpg\" alt=\"\" class=\"wp-image-1267\" srcset=\"https:\/\/cosladapre.toools.es\/politica-territorial\/wp-content\/uploads\/sites\/6\/2022\/10\/OBRAS-ACERAS-CALLE-MOSCUI4A5575-1024x648.jpg 1024w, https:\/\/cosladapre.toools.es\/politica-territorial\/wp-content\/uploads\/sites\/6\/2022\/10\/OBRAS-ACERAS-CALLE-MOSCUI4A5575-300x190.jpg 300w, https:\/\/cosladapre.toools.es\/politica-territorial\/wp-content\/uploads\/sites\/6\/2022\/10\/OBRAS-ACERAS-CALLE-MOSCUI4A5575-768x486.jpg 768w, https:\/\/cosladapre.toools.es\/politica-territorial\/wp-content\/uploads\/sites\/6\/2022\/10\/OBRAS-ACERAS-CALLE-MOSCUI4A5575-1536x972.jpg 1536w, https:\/\/cosladapre.toools.es\/politica-territorial\/wp-content\/uploads\/sites\/6\/2022\/10\/OBRAS-ACERAS-CALLE-MOSCUI4A5575-280x177.jpg 280w, https:\/\/cosladapre.toools.es\/politica-territorial\/wp-content\/uploads\/sites\/6\/2022\/10\/OBRAS-ACERAS-CALLE-MOSCUI4A5575-1500x949.jpg 1500w, https:\/\/cosladapre.toools.es\/politica-territorial\/wp-content\/uploads\/sites\/6\/2022\/10\/OBRAS-ACERAS-CALLE-MOSCUI4A5575-1320x835.jpg 1320w, https:\/\/cosladapre.toools.es\/politica-territorial\/wp-content\/uploads\/sites\/6\/2022\/10\/OBRAS-ACERAS-CALLE-MOSCUI4A5575.jpg 1750w\" sizes=\"auto, (max-width: 1024px) 100vw, 1024px\" \/><\/figure>\n\n\n\n<p>Los vecinos y vecinas de los barrios de <strong>La Colina <\/strong>y <strong>El Esparragal <\/strong>han mostrado su respaldo al proyecto del Ayuntamiento de Coslada que desarrolla la Concejal\u00eda de Pol\u00edtica Territorial, centrado en la mejora del acerado en varias de sus v\u00edas.<\/p>\n\n\n\n<p>Hace algunas semanas, desde el \u00e1rea de Pol\u00edtica Territorial, se envi\u00f3 una carta informativa a los residentes en las calles que se est\u00e1n beneficiando o lo har\u00e1n a corto plazo del <strong>Plan de Mejora de Pavimentos en \u00c1reas Peatonales y Calzadas<\/strong>.<\/p>\n\n\n\n<p>En el escrito, firmado por el edil delegado de Pol\u00edtica Territorial, <strong>Jos\u00e9 Sousa<\/strong>, se ofrec\u00eda detalles de la actuaci\u00f3n en cuesti\u00f3n.<\/p>\n\n\n\n<p>En este sentido, tras poner de manifiesto el <em>\u201cgran d\u00e9ficit\u201d <\/em>de Coslada en lo que al <em>\u201cmantenimiento de las v\u00edas p\u00fablicas\u201d <\/em>se refiere y que se arrastra <em>\u201cdesde hace d\u00e9cadas\u201d<\/em>, el responsable municipal en la materia explicaba que, con el objetivo de solucionar ese <em>\u201cd\u00e9ficit\u201d <\/em>en las dos \u00faltimas legislaturas, <em>\u201ceste Gobierno Municipal ha impulsado la rehabilitaci\u00f3n de v\u00edas en varios barrios\u201d<\/em>.<\/p>\n\n\n\n<p>Como complemento de esas actuaciones se ha impulsado el Plan de Mejora de Pavimentos de la Concejal\u00eda de Pol\u00edtica Territorial, <em>\u201cde car\u00e1cter global y espec\u00edfico, dotado con casi 1,6 millones de euros que ya se est\u00e1 haciendo realidad (calle Lisboa, avenida Pr\u00edncipes de Espa\u00f1a con M\u00e9jico, Constituci\u00f3n con Braille, etc.) en diferentes puntos de nuestra ciudad\u201d<\/em>, indicaba la misiva.<\/p>\n\n\n\n<h1 class=\"wp-block-heading\">Dos opciones<\/h1>\n\n\n\n<p>Al final de la misma, el concejal delegado de Pol\u00edtica Territorial planteaba a los residentes en La Colina y El Esparragal una cuesti\u00f3n con <strong>dos posibles respuestas <\/strong>sobre estos proyectos de mejora en sus barrios, con el prop\u00f3sito de conocer su punto de vista, a ra\u00edz de la <em>\u201csorprendente actitud\u201d <\/em>mostrada por algunos representantes de un colectivo vecinal.<\/p>\n\n\n\n<p>Ante las dos opciones planteadas y pidiendo a los vecinos y vecinas que hicieran llegar su respuesta (v\u00eda mail o Registro) debidamente acreditada con documento identificativo, la inmensa mayor\u00eda ha optado por la opci\u00f3n A, es decir, la de <em>\u201ccontinuar con las obras de reparaci\u00f3n del pavimento en el resto de calles de los barrios de El Esparragal y La Colina, tal y como se est\u00e1 efectuando ahora mismo en la calle Mosc\u00fa\u201d<\/em>.<\/p>\n\n\n\n<p>La otra posibilidad, tal y como en su momento y en varias reuniones se explic\u00f3 al citado colectivo vecinal, era la de \u201cejecutar \u00fanicamente obras de reurbanizaci\u00f3n que supongan un redise\u00f1o de las calles en su totalidad, lo que conlleva el cerrado\/clausura de las actuaciones en marcha (calle Mosc\u00fa), y las siguientes en diversas calles del los barrios, e iniciar el proceso administrativo, partida presupuestaria pertinente que depender\u00eda de los&nbsp; pr\u00f3ximos remanentes, para licitaci\u00f3n y adjudicaci\u00f3n.<\/p>\n\n\n\n<p>La respuesta ha sido casi un\u00e1nime a favor de la primera opci\u00f3n. Esto significa que el Ayuntamiento de Coslada continuar\u00e1 con las obras enmarcadas en el mencionado Plan de Mejora al que, por cierto, en breve tambi\u00e9n se sumar\u00e1 <strong>otro de casi 2 millones de euros <\/strong>con caracter\u00edsticas similares que servir\u00e1 para renovar el acerado en calles de otros barrios de la ciudad.<\/p>\n\n\n\n<p>Se da la circunstancia de que la <strong>asociaci\u00f3n de Vecinos de El Esparragal <\/strong>apoyaron el <strong>Plan de Mejora de Pavimentos en \u00c1reas Peatonales y Calzadas del Ayuntamiento de Coslada<\/strong>. Lo hicieron la semana pasada en la reuni\u00f3n que mantuvieron con el concejal delegado de Pol\u00edtica Territorial, <strong>Jos\u00e9 Sousa<\/strong>.\u00a0<\/p>\n\n\n\n<figure class=\"wp-block-gallery has-nested-images columns-default is-cropped wp-block-gallery-1 is-layout-flex wp-block-gallery-is-layout-flex\">\n<figure class=\"wp-block-image size-large\"><img loading=\"lazy\" decoding=\"async\" width=\"1024\" height=\"805\" data-id=\"1268\" src=\"https:\/\/cosladapre.toools.es\/politica-territorial\/wp-content\/uploads\/sites\/6\/2022\/10\/OBRAS-ACERAS-CALLE-MOSCUI4A5573-1024x805.jpg\" alt=\"\" class=\"wp-image-1268\" srcset=\"https:\/\/cosladapre.toools.es\/politica-territorial\/wp-content\/uploads\/sites\/6\/2022\/10\/OBRAS-ACERAS-CALLE-MOSCUI4A5573-1024x805.jpg 1024w, https:\/\/cosladapre.toools.es\/politica-territorial\/wp-content\/uploads\/sites\/6\/2022\/10\/OBRAS-ACERAS-CALLE-MOSCUI4A5573-300x236.jpg 300w, https:\/\/cosladapre.toools.es\/politica-territorial\/wp-content\/uploads\/sites\/6\/2022\/10\/OBRAS-ACERAS-CALLE-MOSCUI4A5573-768x604.jpg 768w, https:\/\/cosladapre.toools.es\/politica-territorial\/wp-content\/uploads\/sites\/6\/2022\/10\/OBRAS-ACERAS-CALLE-MOSCUI4A5573-1536x1208.jpg 1536w, https:\/\/cosladapre.toools.es\/politica-territorial\/wp-content\/uploads\/sites\/6\/2022\/10\/OBRAS-ACERAS-CALLE-MOSCUI4A5573-238x187.jpg 238w, https:\/\/cosladapre.toools.es\/politica-territorial\/wp-content\/uploads\/sites\/6\/2022\/10\/OBRAS-ACERAS-CALLE-MOSCUI4A5573-1500x1179.jpg 1500w, https:\/\/cosladapre.toools.es\/politica-territorial\/wp-content\/uploads\/sites\/6\/2022\/10\/OBRAS-ACERAS-CALLE-MOSCUI4A5573-1320x1038.jpg 1320w, https:\/\/cosladapre.toools.es\/politica-territorial\/wp-content\/uploads\/sites\/6\/2022\/10\/OBRAS-ACERAS-CALLE-MOSCUI4A5573.jpg 1750w\" sizes=\"auto, (max-width: 1024px) 100vw, 1024px\" \/><\/figure>\n\n\n\n<figure class=\"wp-block-image size-large\"><img loading=\"lazy\" decoding=\"async\" width=\"1024\" height=\"648\" data-id=\"1269\" src=\"https:\/\/cosladapre.toools.es\/politica-territorial\/wp-content\/uploads\/sites\/6\/2022\/10\/OBRAS-ACERAS-CALLE-MOSCUI4A5575-1-1024x648.jpg\" alt=\"\" class=\"wp-image-1269\" srcset=\"https:\/\/cosladapre.toools.es\/politica-territorial\/wp-content\/uploads\/sites\/6\/2022\/10\/OBRAS-ACERAS-CALLE-MOSCUI4A5575-1-1024x648.jpg 1024w, https:\/\/cosladapre.toools.es\/politica-territorial\/wp-content\/uploads\/sites\/6\/2022\/10\/OBRAS-ACERAS-CALLE-MOSCUI4A5575-1-300x190.jpg 300w, https:\/\/cosladapre.toools.es\/politica-territorial\/wp-content\/uploads\/sites\/6\/2022\/10\/OBRAS-ACERAS-CALLE-MOSCUI4A5575-1-768x486.jpg 768w, https:\/\/cosladapre.toools.es\/politica-territorial\/wp-content\/uploads\/sites\/6\/2022\/10\/OBRAS-ACERAS-CALLE-MOSCUI4A5575-1-1536x972.jpg 1536w, https:\/\/cosladapre.toools.es\/politica-territorial\/wp-content\/uploads\/sites\/6\/2022\/10\/OBRAS-ACERAS-CALLE-MOSCUI4A5575-1-280x177.jpg 280w, https:\/\/cosladapre.toools.es\/politica-territorial\/wp-content\/uploads\/sites\/6\/2022\/10\/OBRAS-ACERAS-CALLE-MOSCUI4A5575-1-1500x949.jpg 1500w, https:\/\/cosladapre.toools.es\/politica-territorial\/wp-content\/uploads\/sites\/6\/2022\/10\/OBRAS-ACERAS-CALLE-MOSCUI4A5575-1-1320x835.jpg 1320w, https:\/\/cosladapre.toools.es\/politica-territorial\/wp-content\/uploads\/sites\/6\/2022\/10\/OBRAS-ACERAS-CALLE-MOSCUI4A5575-1.jpg 1750w\" sizes=\"auto, (max-width: 1024px) 100vw, 1024px\" \/><\/figure>\n\n\n\n<figure class=\"wp-block-image size-large\"><img loading=\"lazy\" decoding=\"async\" width=\"1024\" height=\"683\" data-id=\"1270\" src=\"https:\/\/cosladapre.toools.es\/politica-territorial\/wp-content\/uploads\/sites\/6\/2022\/10\/OBRAS-ACERAS-CALLE-MOSCUI4A5579-1024x683.jpg\" alt=\"\" class=\"wp-image-1270\" srcset=\"https:\/\/cosladapre.toools.es\/politica-territorial\/wp-content\/uploads\/sites\/6\/2022\/10\/OBRAS-ACERAS-CALLE-MOSCUI4A5579-1024x683.jpg 1024w, https:\/\/cosladapre.toools.es\/politica-territorial\/wp-content\/uploads\/sites\/6\/2022\/10\/OBRAS-ACERAS-CALLE-MOSCUI4A5579-300x200.jpg 300w, https:\/\/cosladapre.toools.es\/politica-territorial\/wp-content\/uploads\/sites\/6\/2022\/10\/OBRAS-ACERAS-CALLE-MOSCUI4A5579-768x512.jpg 768w, https:\/\/cosladapre.toools.es\/politica-territorial\/wp-content\/uploads\/sites\/6\/2022\/10\/OBRAS-ACERAS-CALLE-MOSCUI4A5579-391x260.jpg 391w, https:\/\/cosladapre.toools.es\/politica-territorial\/wp-content\/uploads\/sites\/6\/2022\/10\/OBRAS-ACERAS-CALLE-MOSCUI4A5579-1536x1024.jpg 1536w, https:\/\/cosladapre.toools.es\/politica-territorial\/wp-content\/uploads\/sites\/6\/2022\/10\/OBRAS-ACERAS-CALLE-MOSCUI4A5579-280x187.jpg 280w, https:\/\/cosladapre.toools.es\/politica-territorial\/wp-content\/uploads\/sites\/6\/2022\/10\/OBRAS-ACERAS-CALLE-MOSCUI4A5579-1500x1000.jpg 1500w, https:\/\/cosladapre.toools.es\/politica-territorial\/wp-content\/uploads\/sites\/6\/2022\/10\/OBRAS-ACERAS-CALLE-MOSCUI4A5579-1320x880.jpg 1320w, https:\/\/cosladapre.toools.es\/politica-territorial\/wp-content\/uploads\/sites\/6\/2022\/10\/OBRAS-ACERAS-CALLE-MOSCUI4A5579.jpg 1750w\" sizes=\"auto, (max-width: 1024px) 100vw, 1024px\" \/><\/figure>\n<\/figure>\n","protected":false},"excerpt":{"rendered":"<p>Respuesta mayoritaria a favor de las actuaciones que se realizan actualmente Los vecinos y vecinas de los barrios de La Colina y El Esparragal han mostrado su respaldo al proyecto del Ayuntamiento de Coslada que desarrolla la Concejal\u00eda de Pol\u00edtica Territorial, centrado en la mejora del acerado en varias de sus v\u00edas. Hace algunas semanas,&hellip; <a class=\"continue\" href=\"https:\/\/cosladapre.toools.es\/politica-territorial\/2022\/10\/26\/los-residentes-de-la-colina-y-el-esparragal-apoyan-las-obras-de-mejora-del-acerado-previstas-para-sus-calles-por-el-ayuntamiento-de-coslada\/\">Seguir leyendo<span> Los residentes de La Colina y El Esparragal apoyan las obras de mejora del acerado previstas para sus calles por el Ayuntamiento de Coslada<\/span><\/a><\/p>\n","protected":false},"author":152,"featured_media":1267,"comment_status":"closed","ping_status":"closed","sticky":false,"template":"","format":"standard","meta":{"ngg_post_thumbnail":0,"footnotes":""},"categories":[5],"tags":[],"class_list":["post-1266","post","type-post","status-publish","format-standard","has-post-thumbnail","hentry","category-vias-y-obras"],"publishpress_future_action":{"enabled":false,"date":"2026-05-08 13:49:13","action":"change-status","newStatus":"draft","terms":[],"taxonomy":"category","extraData":[]},"publishpress_future_workflow_manual_trigger":{"enabledWorkflows":[]},"_links":{"self":[{"href":"https:\/\/cosladapre.toools.es\/politica-territorial\/wp-json\/wp\/v2\/posts\/1266","targetHints":{"allow":["GET"]}}],"collection":[{"href":"https:\/\/cosladapre.toools.es\/politica-territorial\/wp-json\/wp\/v2\/posts"}],"about":[{"href":"https:\/\/cosladapre.toools.es\/politica-territorial\/wp-json\/wp\/v2\/types\/post"}],"author":[{"embeddable":true,"href":"https:\/\/cosladapre.toools.es\/politica-territorial\/wp-json\/wp\/v2\/users\/152"}],"replies":[{"embeddable":true,"href":"https:\/\/cosladapre.toools.es\/politica-territorial\/wp-json\/wp\/v2\/comments?post=1266"}],"version-history":[{"count":1,"href":"https:\/\/cosladapre.toools.es\/politica-territorial\/wp-json\/wp\/v2\/posts\/1266\/revisions"}],"predecessor-version":[{"id":1271,"href":"https:\/\/cosladapre.toools.es\/politica-territorial\/wp-json\/wp\/v2\/posts\/1266\/revisions\/1271"}],"wp:featuredmedia":[{"embeddable":true,"href":"https:\/\/cosladapre.toools.es\/politica-territorial\/wp-json\/wp\/v2\/media\/1267"}],"wp:attachment":[{"href":"https:\/\/cosladapre.toools.es\/politica-territorial\/wp-json\/wp\/v2\/media?parent=1266"}],"wp:term":[{"taxonomy":"category","embeddable":true,"href":"https:\/\/cosladapre.toools.es\/politica-territorial\/wp-json\/wp\/v2\/categories?post=1266"},{"taxonomy":"post_tag","embeddable":true,"href":"https:\/\/cosladapre.toools.es\/politica-territorial\/wp-json\/wp\/v2\/tags?post=1266"}],"curies":[{"name":"wp","href":"https:\/\/api.w.org\/{rel}","templated":true}]}}