{"id":2021,"date":"2023-02-07T14:32:01","date_gmt":"2023-02-07T13:32:01","guid":{"rendered":"https:\/\/cosladapre.toools.es\/politica-medioambiental\/?p=2021"},"modified":"2023-02-07T14:32:03","modified_gmt":"2023-02-07T13:32:03","slug":"el-area-de-medio-ambiente-mejorara-las-instalaciones-del-punto-limpio-de-coslada","status":"publish","type":"post","link":"https:\/\/cosladapre.toools.es\/politica-medioambiental\/2023\/02\/07\/el-area-de-medio-ambiente-mejorara-las-instalaciones-del-punto-limpio-de-coslada\/","title":{"rendered":"El \u00e1rea de Medio Ambiente mejorar\u00e1 las instalaciones del Punto Limpio de Coslada"},"content":{"rendered":"\n<h2 class=\"wp-block-heading\">Se ha recibido para tal fin una subvenci\u00f3n de 108.527 euros<\/h2>\n\n\n\n<figure class=\"wp-block-image size-large\"><img loading=\"lazy\" decoding=\"async\" width=\"1024\" height=\"683\" src=\"https:\/\/cosladapre.toools.es\/politica-medioambiental\/wp-content\/uploads\/sites\/5\/2023\/02\/Punto-LImpio-1024x683.jpg\" alt=\"\" class=\"wp-image-2022\" srcset=\"https:\/\/cosladapre.toools.es\/politica-medioambiental\/wp-content\/uploads\/sites\/5\/2023\/02\/Punto-LImpio-1024x683.jpg 1024w, https:\/\/cosladapre.toools.es\/politica-medioambiental\/wp-content\/uploads\/sites\/5\/2023\/02\/Punto-LImpio-300x200.jpg 300w, https:\/\/cosladapre.toools.es\/politica-medioambiental\/wp-content\/uploads\/sites\/5\/2023\/02\/Punto-LImpio-768x512.jpg 768w, https:\/\/cosladapre.toools.es\/politica-medioambiental\/wp-content\/uploads\/sites\/5\/2023\/02\/Punto-LImpio-391x260.jpg 391w, https:\/\/cosladapre.toools.es\/politica-medioambiental\/wp-content\/uploads\/sites\/5\/2023\/02\/Punto-LImpio-1536x1025.jpg 1536w, https:\/\/cosladapre.toools.es\/politica-medioambiental\/wp-content\/uploads\/sites\/5\/2023\/02\/Punto-LImpio-280x187.jpg 280w, https:\/\/cosladapre.toools.es\/politica-medioambiental\/wp-content\/uploads\/sites\/5\/2023\/02\/Punto-LImpio-1500x1001.jpg 1500w, https:\/\/cosladapre.toools.es\/politica-medioambiental\/wp-content\/uploads\/sites\/5\/2023\/02\/Punto-LImpio-1320x880.jpg 1320w\" sizes=\"auto, (max-width: 1024px) 100vw, 1024px\" \/><\/figure>\n\n\n\n<p>La Concejal\u00eda de Pol\u00edtica Medioambiental del Ayuntamiento de Coslada ha conseguido una subvenci\u00f3n europea de <strong>108.527 euros<\/strong> para la ejecuci\u00f3n del <strong>proyecto de mejora de las instalaciones del<\/strong> <strong>Punto Limpio <\/strong>del municipio.<\/p>\n\n\n\n<p>&nbsp;&nbsp;&nbsp;&nbsp;&nbsp;&nbsp;&nbsp;&nbsp;&nbsp;&nbsp;&nbsp; Estos fondos se conceden al amparo de la convocatoria de ayudas para la <strong>implementaci\u00f3n de la normativa de residuos en el marco del Plan de Recuperaci\u00f3n, Transformaci\u00f3n y Resiliencia de la Uni\u00f3n Europea &#8211; NextGenerationEU.<\/strong><\/p>\n\n\n\n<p>&nbsp;&nbsp;&nbsp;&nbsp;&nbsp;&nbsp;&nbsp;&nbsp;&nbsp;&nbsp;&nbsp; La subvenci\u00f3n servir\u00e1 para financiar un <strong>sistema de seguridad en el Punto Limpio<\/strong>, la adaptaci\u00f3n de los accesos y atenci\u00f3n al p\u00fablico, una plataforma de digitalizaci\u00f3n y una b\u00e1scula para camiones. Adem\u00e1s, la subvenci\u00f3n <strong>sufraga tambi\u00e9n el 100% del Punto Limpio M\u00f3vil el\u00e9ctrico <\/strong>que el \u00e1rea de Medioambiente adquiri\u00f3 en 2021 con un coste de 64.629 euros.<\/p>\n\n\n\n<p>&nbsp;&nbsp;&nbsp;&nbsp;&nbsp;&nbsp;&nbsp;&nbsp;&nbsp;&nbsp;&nbsp; &nbsp;&nbsp;&nbsp;&nbsp;&nbsp;&nbsp;&nbsp;&nbsp;&nbsp;&nbsp;&nbsp; El proyecto de mejora del Punto Limpio supondr\u00e1 una mejor gesti\u00f3n de las instalaciones; se implantar\u00e1 una plataforma digital para gestionar de manera selectiva la entrada de residuos, as\u00ed como la identificaci\u00f3n del operario o ciudadano que presta el servicio.<\/p>\n\n\n\n<p>\u00a0\u00a0\u00a0\u00a0\u00a0\u00a0\u00a0\u00a0\u00a0\u00a0\u00a0 \u00a0\u00a0\u00a0\u00a0\u00a0\u00a0\u00a0\u00a0\u00a0\u00a0\u00a0 Tambi\u00e9n se instalar\u00e1 una ventana de atenci\u00f3n al p\u00fablico y un sistema de alarma con c\u00e1maras para mejorar la seguridad.<\/p>\n\n\n\n<figure class=\"wp-block-gallery has-nested-images columns-default is-cropped wp-block-gallery-1 is-layout-flex wp-block-gallery-is-layout-flex\">\n<figure class=\"wp-block-image size-large\"><img loading=\"lazy\" decoding=\"async\" width=\"1024\" height=\"683\" data-id=\"2024\" src=\"https:\/\/cosladapre.toools.es\/politica-medioambiental\/wp-content\/uploads\/sites\/5\/2023\/02\/PUNTO-LIMPIO-1-1024x683.jpg\" alt=\"\" class=\"wp-image-2024\" srcset=\"https:\/\/cosladapre.toools.es\/politica-medioambiental\/wp-content\/uploads\/sites\/5\/2023\/02\/PUNTO-LIMPIO-1-1024x683.jpg 1024w, https:\/\/cosladapre.toools.es\/politica-medioambiental\/wp-content\/uploads\/sites\/5\/2023\/02\/PUNTO-LIMPIO-1-300x200.jpg 300w, https:\/\/cosladapre.toools.es\/politica-medioambiental\/wp-content\/uploads\/sites\/5\/2023\/02\/PUNTO-LIMPIO-1-768x512.jpg 768w, https:\/\/cosladapre.toools.es\/politica-medioambiental\/wp-content\/uploads\/sites\/5\/2023\/02\/PUNTO-LIMPIO-1-391x260.jpg 391w, https:\/\/cosladapre.toools.es\/politica-medioambiental\/wp-content\/uploads\/sites\/5\/2023\/02\/PUNTO-LIMPIO-1-1536x1024.jpg 1536w, https:\/\/cosladapre.toools.es\/politica-medioambiental\/wp-content\/uploads\/sites\/5\/2023\/02\/PUNTO-LIMPIO-1-2048x1365.jpg 2048w, https:\/\/cosladapre.toools.es\/politica-medioambiental\/wp-content\/uploads\/sites\/5\/2023\/02\/PUNTO-LIMPIO-1-280x187.jpg 280w, https:\/\/cosladapre.toools.es\/politica-medioambiental\/wp-content\/uploads\/sites\/5\/2023\/02\/PUNTO-LIMPIO-1-1500x1000.jpg 1500w, https:\/\/cosladapre.toools.es\/politica-medioambiental\/wp-content\/uploads\/sites\/5\/2023\/02\/PUNTO-LIMPIO-1-1320x880.jpg 1320w\" sizes=\"auto, (max-width: 1024px) 100vw, 1024px\" \/><\/figure>\n\n\n\n<figure class=\"wp-block-image size-large\"><img loading=\"lazy\" decoding=\"async\" width=\"1024\" height=\"683\" data-id=\"2023\" src=\"https:\/\/cosladapre.toools.es\/politica-medioambiental\/wp-content\/uploads\/sites\/5\/2023\/02\/PUNTO-LIMPIO-4-1024x683.jpg\" alt=\"\" class=\"wp-image-2023\" srcset=\"https:\/\/cosladapre.toools.es\/politica-medioambiental\/wp-content\/uploads\/sites\/5\/2023\/02\/PUNTO-LIMPIO-4-1024x683.jpg 1024w, https:\/\/cosladapre.toools.es\/politica-medioambiental\/wp-content\/uploads\/sites\/5\/2023\/02\/PUNTO-LIMPIO-4-300x200.jpg 300w, https:\/\/cosladapre.toools.es\/politica-medioambiental\/wp-content\/uploads\/sites\/5\/2023\/02\/PUNTO-LIMPIO-4-768x512.jpg 768w, https:\/\/cosladapre.toools.es\/politica-medioambiental\/wp-content\/uploads\/sites\/5\/2023\/02\/PUNTO-LIMPIO-4-391x260.jpg 391w, https:\/\/cosladapre.toools.es\/politica-medioambiental\/wp-content\/uploads\/sites\/5\/2023\/02\/PUNTO-LIMPIO-4-1536x1024.jpg 1536w, https:\/\/cosladapre.toools.es\/politica-medioambiental\/wp-content\/uploads\/sites\/5\/2023\/02\/PUNTO-LIMPIO-4-2048x1365.jpg 2048w, https:\/\/cosladapre.toools.es\/politica-medioambiental\/wp-content\/uploads\/sites\/5\/2023\/02\/PUNTO-LIMPIO-4-280x187.jpg 280w, https:\/\/cosladapre.toools.es\/politica-medioambiental\/wp-content\/uploads\/sites\/5\/2023\/02\/PUNTO-LIMPIO-4-1500x1000.jpg 1500w, https:\/\/cosladapre.toools.es\/politica-medioambiental\/wp-content\/uploads\/sites\/5\/2023\/02\/PUNTO-LIMPIO-4-1320x880.jpg 1320w\" sizes=\"auto, (max-width: 1024px) 100vw, 1024px\" \/><\/figure>\n<\/figure>\n","protected":false},"excerpt":{"rendered":"<p>Se ha recibido para tal fin una subvenci\u00f3n de 108.527 euros La Concejal\u00eda de Pol\u00edtica Medioambiental del Ayuntamiento de Coslada ha conseguido una subvenci\u00f3n europea de 108.527 euros para la ejecuci\u00f3n del proyecto de mejora de las instalaciones del Punto Limpio del municipio. &nbsp;&nbsp;&nbsp;&nbsp;&nbsp;&nbsp;&nbsp;&nbsp;&nbsp;&nbsp;&nbsp; Estos fondos se conceden al amparo de la convocatoria de ayudas&hellip; <a class=\"continue\" href=\"https:\/\/cosladapre.toools.es\/politica-medioambiental\/2023\/02\/07\/el-area-de-medio-ambiente-mejorara-las-instalaciones-del-punto-limpio-de-coslada\/\">Seguir leyendo<span> El \u00e1rea de Medio Ambiente mejorar\u00e1 las instalaciones del Punto Limpio de Coslada<\/span><\/a><\/p>\n","protected":false},"author":108,"featured_media":2022,"comment_status":"closed","ping_status":"closed","sticky":false,"template":"","format":"standard","meta":{"ngg_post_thumbnail":0,"footnotes":""},"categories":[29,6],"tags":[],"class_list":["post-2021","post","type-post","status-publish","format-standard","has-post-thumbnail","hentry","category-limpieza-viaria","category-medio-ambiente"],"publishpress_future_action":{"enabled":false,"date":"2026-05-04 22:57:25","action":"change-status","newStatus":"draft","terms":[],"taxonomy":"category","extraData":[]},"publishpress_future_workflow_manual_trigger":{"enabledWorkflows":[]},"_links":{"self":[{"href":"https:\/\/cosladapre.toools.es\/politica-medioambiental\/wp-json\/wp\/v2\/posts\/2021","targetHints":{"allow":["GET"]}}],"collection":[{"href":"https:\/\/cosladapre.toools.es\/politica-medioambiental\/wp-json\/wp\/v2\/posts"}],"about":[{"href":"https:\/\/cosladapre.toools.es\/politica-medioambiental\/wp-json\/wp\/v2\/types\/post"}],"author":[{"embeddable":true,"href":"https:\/\/cosladapre.toools.es\/politica-medioambiental\/wp-json\/wp\/v2\/users\/108"}],"replies":[{"embeddable":true,"href":"https:\/\/cosladapre.toools.es\/politica-medioambiental\/wp-json\/wp\/v2\/comments?post=2021"}],"version-history":[{"count":1,"href":"https:\/\/cosladapre.toools.es\/politica-medioambiental\/wp-json\/wp\/v2\/posts\/2021\/revisions"}],"predecessor-version":[{"id":2025,"href":"https:\/\/cosladapre.toools.es\/politica-medioambiental\/wp-json\/wp\/v2\/posts\/2021\/revisions\/2025"}],"wp:featuredmedia":[{"embeddable":true,"href":"https:\/\/cosladapre.toools.es\/politica-medioambiental\/wp-json\/wp\/v2\/media\/2022"}],"wp:attachment":[{"href":"https:\/\/cosladapre.toools.es\/politica-medioambiental\/wp-json\/wp\/v2\/media?parent=2021"}],"wp:term":[{"taxonomy":"category","embeddable":true,"href":"https:\/\/cosladapre.toools.es\/politica-medioambiental\/wp-json\/wp\/v2\/categories?post=2021"},{"taxonomy":"post_tag","embeddable":true,"href":"https:\/\/cosladapre.toools.es\/politica-medioambiental\/wp-json\/wp\/v2\/tags?post=2021"}],"curies":[{"name":"wp","href":"https:\/\/api.w.org\/{rel}","templated":true}]}}