{"id":1947,"date":"2022-12-19T11:29:29","date_gmt":"2022-12-19T10:29:29","guid":{"rendered":"https:\/\/cosladapre.toools.es\/politica-medioambiental\/2022\/12\/19\/los-vecinos-y-vecinas-de-coslada-pueden-consultar-en-el-portal-de-transparencia-municipal-el-plan-de-movilidad-urbana\/"},"modified":"2022-12-19T11:29:32","modified_gmt":"2022-12-19T10:29:32","slug":"los-vecinos-y-vecinas-de-coslada-pueden-consultar-en-el-portal-de-transparencia-municipal-el-plan-de-movilidad-urbana","status":"publish","type":"post","link":"https:\/\/cosladapre.toools.es\/politica-medioambiental\/2022\/12\/19\/los-vecinos-y-vecinas-de-coslada-pueden-consultar-en-el-portal-de-transparencia-municipal-el-plan-de-movilidad-urbana\/","title":{"rendered":"Los vecinos y vecinas de Coslada pueden consultar en el Portal de Transparencia Municipal el Plan de Movilidad Urbana"},"content":{"rendered":"\n<h2 class=\"wp-block-heading\">Per\u00edodo de exposici\u00f3n p\u00fablica durante 20 d\u00edas<\/h2>\n\n\n\n<figure class=\"wp-block-image size-large\"><img loading=\"lazy\" decoding=\"async\" width=\"1024\" height=\"794\" src=\"https:\/\/cosladapre.toools.es\/politica-medioambiental\/wp-content\/uploads\/sites\/5\/2022\/12\/Plan-Movilidad-Urbana-de-Coslada-portada-1024x794.jpg\" alt=\"\" class=\"wp-image-1948\" srcset=\"https:\/\/cosladapre.toools.es\/politica-medioambiental\/wp-content\/uploads\/sites\/5\/2022\/12\/Plan-Movilidad-Urbana-de-Coslada-portada-1024x794.jpg 1024w, https:\/\/cosladapre.toools.es\/politica-medioambiental\/wp-content\/uploads\/sites\/5\/2022\/12\/Plan-Movilidad-Urbana-de-Coslada-portada-300x233.jpg 300w, https:\/\/cosladapre.toools.es\/politica-medioambiental\/wp-content\/uploads\/sites\/5\/2022\/12\/Plan-Movilidad-Urbana-de-Coslada-portada-768x596.jpg 768w, https:\/\/cosladapre.toools.es\/politica-medioambiental\/wp-content\/uploads\/sites\/5\/2022\/12\/Plan-Movilidad-Urbana-de-Coslada-portada-241x187.jpg 241w, https:\/\/cosladapre.toools.es\/politica-medioambiental\/wp-content\/uploads\/sites\/5\/2022\/12\/Plan-Movilidad-Urbana-de-Coslada-portada.jpg 1100w\" sizes=\"auto, (max-width: 1024px) 100vw, 1024px\" \/><\/figure>\n\n\n\n<p>El Ayuntamiento de Coslada ha dado un paso m\u00e1s en el camino hacia la movilidad sostenible en la ciudad. Lo ha dado a trav\u00e9s de la aprobaci\u00f3n hace unos d\u00edas en la Comisi\u00f3n de Movilidad Urbana el texto del <strong>Plan de Movilidad Urbana, <\/strong>que desde el pasado viernes 16 de diciembre 2022 est\u00e1 expuesto en el portal de transparencia de la web municipal del propio Consistorio. En este soporte permanecer\u00e1 durante 20 d\u00edas h\u00e1biles para el conocimiento de la ciudadan\u00eda.<\/p>\n\n\n\n<p>Este es el enlace en que pude consultarse:<\/p>\n\n\n\n<p><a href=\"https:\/\/cosladapre.toools.es\/transparencia\/wp-content\/uploads\/sites\/2\/2022\/12\/PMUS.pdf\">https:\/\/cosladapre.toools.es\/transparencia\/wp-content\/uploads\/sites\/2\/2022\/12\/PMUS.pdf<\/a><\/p>\n\n\n\n<p><\/p>\n\n\n\n<p>&nbsp;&nbsp;&nbsp;&nbsp;&nbsp;&nbsp;&nbsp;&nbsp;&nbsp;&nbsp;&nbsp; Esta medida la ha adoptado el Ayuntamiento de Coslada en cumplimiento de lo que establece el art\u00edculo 14 de la ley 7\/2021, de 20 de mayo, sobre Cambio Clim\u00e1tico y Transici\u00f3n energ\u00e9tica.<\/p>\n\n\n\n<p>De este modo, y siguiendo dicha normativa, se ha llevado a cabo <strong>la redacci\u00f3n de un Plan de Movilidad Urbana Sostenible <\/strong>como acci\u00f3n para la promoci\u00f3n de una movilidad sin emisiones contaminantes.<\/p>\n\n\n\n<p><strong><u>Elaboraci\u00f3n del Plan<\/u><\/strong><\/p>\n\n\n\n<p>&nbsp;&nbsp;&nbsp;&nbsp;&nbsp;&nbsp;&nbsp;&nbsp;&nbsp;&nbsp;&nbsp; Cronol\u00f3gicamente y en el marco del desarrollo de la redacci\u00f3n del Plan, en un primer momento se efectuaron <strong>consultas p\u00fablicas a trav\u00e9s de una encuesta online a la ciudadan\u00eda. <\/strong>Sus resultados fueron publicados en la web del Ayuntamiento de Coslada y los mismos han permitido conocer los h\u00e1bitos y preferencias de vecinas y vecinos a la hora de desplazarse por la ciudad&nbsp; saber cu\u00e1l es el estado actual de la movilidad en la misma. En total se realizaron <strong>415 encuestas<\/strong> de este tipo<\/p>\n\n\n\n<p>&nbsp;&nbsp;&nbsp;&nbsp;&nbsp;&nbsp;&nbsp;&nbsp;&nbsp;&nbsp;&nbsp; A su vez, de forma paralela, tambi\u00e9n se cont\u00f3 con la opini\u00f3n de <strong>los agentes sociales<\/strong> con el objeto de cumplir una funci\u00f3n de canal participativo e informativo. Esto \u00faltimo ha permitido fijar flujos de retroalimentaci\u00f3n entre la elaboraci\u00f3n del Plan de Movilidad Urbana Sostenible de Coslada y el conjunto de la ciudadan\u00eda, con el prop\u00f3sito de que las l\u00edneas estrat\u00e9gicas que se propusieran tras la diagnosis realizada consiguieran <strong>crear sinergias entre la normativa obligatoria a aplicar y las demandas ciudadanas.<\/strong><\/p>\n\n\n\n<p><strong><u>Comisi\u00f3n de Movilidad<\/u><\/strong><\/p>\n\n\n\n<p>&nbsp;&nbsp;&nbsp;&nbsp;&nbsp;&nbsp;&nbsp;&nbsp;&nbsp;&nbsp;&nbsp; El siguiente escal\u00f3n de este proceso se produjo el 10 de septiembre 2021. Ese d\u00eda, enmarcado en la meta final de la redacci\u00f3n de un Plan de Movilidad del municipio adecuado a las necesidades de las diferentes \u00e1reas beneficiadas, tuvo lugar una reuni\u00f3n en la que participaron representantes de los citados departamentos municipales. En ella se acord\u00f3 la creaci\u00f3n y designaci\u00f3n del personal que formar\u00eda parte de la <strong>Comisi\u00f3n de Movilidad de Coslada<\/strong>. Este grupo salido del mencionado encuentro es que el que se ha encargado de actuaciones tales como proponer y validar el Plan de Movilidad Urbana Sostenible de Coslada.<\/p>\n\n\n\n<p>&nbsp;&nbsp;&nbsp;&nbsp;&nbsp;&nbsp;&nbsp;&nbsp;&nbsp;&nbsp;&nbsp; Este Plan establece entre sus objetivos m\u00e1s destacados el de impulsar, fortalecer y fomentar los desplazamientos en pie o bici, la determinaci\u00f3n de zonas de bajas emisiones y movilidad en general.<\/p>\n\n\n\n<p><strong><u>Obligaci\u00f3n de tener un Plan de Movilidad<\/u><\/strong><\/p>\n\n\n\n<p>&nbsp;&nbsp;&nbsp;&nbsp;&nbsp;&nbsp;&nbsp;&nbsp;&nbsp;&nbsp;&nbsp; La elaboraci\u00f3n de este ambicioso documento responde a la obligaci\u00f3n que tienen los municipios de m\u00e1s de 50.000 habitantes y los territorios insulares de adoptar antes de 2023 planes de movilidad urbana sostenible. Los mismos han de incluir medidas de mitigaci\u00f3n que conduzcan a la reducci\u00f3n de las emisiones derivadas de la movilidad, incluyendo el establecimiento de zonas de bajas emisiones (ZBE).<\/p>\n\n\n\n<p><\/p>\n\n\n\n<p><\/p>\n\n\n\n<figure class=\"wp-block-image size-full\"><img loading=\"lazy\" decoding=\"async\" width=\"912\" height=\"621\" src=\"https:\/\/cosladapre.toools.es\/politica-medioambiental\/wp-content\/uploads\/sites\/5\/2022\/12\/Carril-Bici-Arch-Ayto-Coslada-202.jpg\" alt=\"\" class=\"wp-image-1950\" srcset=\"https:\/\/cosladapre.toools.es\/politica-medioambiental\/wp-content\/uploads\/sites\/5\/2022\/12\/Carril-Bici-Arch-Ayto-Coslada-202.jpg 912w, https:\/\/cosladapre.toools.es\/politica-medioambiental\/wp-content\/uploads\/sites\/5\/2022\/12\/Carril-Bici-Arch-Ayto-Coslada-202-300x204.jpg 300w, https:\/\/cosladapre.toools.es\/politica-medioambiental\/wp-content\/uploads\/sites\/5\/2022\/12\/Carril-Bici-Arch-Ayto-Coslada-202-768x523.jpg 768w, https:\/\/cosladapre.toools.es\/politica-medioambiental\/wp-content\/uploads\/sites\/5\/2022\/12\/Carril-Bici-Arch-Ayto-Coslada-202-474x324.jpg 474w, https:\/\/cosladapre.toools.es\/politica-medioambiental\/wp-content\/uploads\/sites\/5\/2022\/12\/Carril-Bici-Arch-Ayto-Coslada-202-275x187.jpg 275w\" sizes=\"auto, (max-width: 912px) 100vw, 912px\" \/><\/figure>\n","protected":false},"excerpt":{"rendered":"<p>Per\u00edodo de exposici\u00f3n p\u00fablica durante 20 d\u00edas El Ayuntamiento de Coslada ha dado un paso m\u00e1s en el camino hacia la movilidad sostenible en la ciudad. Lo ha dado a trav\u00e9s de la aprobaci\u00f3n hace unos d\u00edas en la Comisi\u00f3n de Movilidad Urbana el texto del Plan de Movilidad Urbana, que desde el pasado viernes&hellip; <a class=\"continue\" href=\"https:\/\/cosladapre.toools.es\/politica-medioambiental\/2022\/12\/19\/los-vecinos-y-vecinas-de-coslada-pueden-consultar-en-el-portal-de-transparencia-municipal-el-plan-de-movilidad-urbana\/\">Seguir leyendo<span> Los vecinos y vecinas de Coslada pueden consultar en el Portal de Transparencia Municipal el Plan de Movilidad Urbana<\/span><\/a><\/p>\n","protected":false},"author":108,"featured_media":1948,"comment_status":"closed","ping_status":"closed","sticky":false,"template":"","format":"standard","meta":{"ngg_post_thumbnail":0,"footnotes":""},"categories":[50,6,127,55,53],"tags":[],"class_list":["post-1947","post","type-post","status-publish","format-standard","has-post-thumbnail","hentry","category-ayuntamiento","category-medio-ambiente","category-mesa-de-movilidad","category-urbanismo","category-vias-y-obras"],"publishpress_future_action":{"enabled":false,"date":"2026-05-04 22:59:07","action":"change-status","newStatus":"draft","terms":[],"taxonomy":"category","extraData":[]},"publishpress_future_workflow_manual_trigger":{"enabledWorkflows":[]},"_links":{"self":[{"href":"https:\/\/cosladapre.toools.es\/politica-medioambiental\/wp-json\/wp\/v2\/posts\/1947","targetHints":{"allow":["GET"]}}],"collection":[{"href":"https:\/\/cosladapre.toools.es\/politica-medioambiental\/wp-json\/wp\/v2\/posts"}],"about":[{"href":"https:\/\/cosladapre.toools.es\/politica-medioambiental\/wp-json\/wp\/v2\/types\/post"}],"author":[{"embeddable":true,"href":"https:\/\/cosladapre.toools.es\/politica-medioambiental\/wp-json\/wp\/v2\/users\/108"}],"replies":[{"embeddable":true,"href":"https:\/\/cosladapre.toools.es\/politica-medioambiental\/wp-json\/wp\/v2\/comments?post=1947"}],"version-history":[{"count":2,"href":"https:\/\/cosladapre.toools.es\/politica-medioambiental\/wp-json\/wp\/v2\/posts\/1947\/revisions"}],"predecessor-version":[{"id":1951,"href":"https:\/\/cosladapre.toools.es\/politica-medioambiental\/wp-json\/wp\/v2\/posts\/1947\/revisions\/1951"}],"wp:featuredmedia":[{"embeddable":true,"href":"https:\/\/cosladapre.toools.es\/politica-medioambiental\/wp-json\/wp\/v2\/media\/1948"}],"wp:attachment":[{"href":"https:\/\/cosladapre.toools.es\/politica-medioambiental\/wp-json\/wp\/v2\/media?parent=1947"}],"wp:term":[{"taxonomy":"category","embeddable":true,"href":"https:\/\/cosladapre.toools.es\/politica-medioambiental\/wp-json\/wp\/v2\/categories?post=1947"},{"taxonomy":"post_tag","embeddable":true,"href":"https:\/\/cosladapre.toools.es\/politica-medioambiental\/wp-json\/wp\/v2\/tags?post=1947"}],"curies":[{"name":"wp","href":"https:\/\/api.w.org\/{rel}","templated":true}]}}