{"id":1783,"date":"2022-10-10T09:48:47","date_gmt":"2022-10-10T07:48:47","guid":{"rendered":"https:\/\/cosladapre.toools.es\/politica-medioambiental\/?p=1783"},"modified":"2022-10-10T10:08:39","modified_gmt":"2022-10-10T08:08:39","slug":"el-ayuntamiento-de-coslada-ha-puesto-en-marcha-un-plan-de-limpiezas-intensivas-en-los-barrios","status":"publish","type":"post","link":"https:\/\/cosladapre.toools.es\/politica-medioambiental\/2022\/10\/10\/el-ayuntamiento-de-coslada-ha-puesto-en-marcha-un-plan-de-limpiezas-intensivas-en-los-barrios\/","title":{"rendered":"El Ayuntamiento de Coslada ha puesto en marcha un plan de limpiezas intensivas en los barrios"},"content":{"rendered":"\n<h2 class=\"wp-block-heading\">Con barridos mixtos, baldeos y limpieza de las islas ecol\u00f3gicas y el mobiliario urbano<\/h2>\n\n\n\n<figure class=\"wp-block-image size-large\"><img loading=\"lazy\" decoding=\"async\" width=\"1024\" height=\"576\" src=\"https:\/\/cosladapre.toools.es\/politica-medioambiental\/wp-content\/uploads\/sites\/5\/2022\/10\/Limpieza-intensiva-2-1024x576.jpg\" alt=\"\" class=\"wp-image-1784\" srcset=\"https:\/\/cosladapre.toools.es\/politica-medioambiental\/wp-content\/uploads\/sites\/5\/2022\/10\/Limpieza-intensiva-2-1024x576.jpg 1024w, https:\/\/cosladapre.toools.es\/politica-medioambiental\/wp-content\/uploads\/sites\/5\/2022\/10\/Limpieza-intensiva-2-300x169.jpg 300w, https:\/\/cosladapre.toools.es\/politica-medioambiental\/wp-content\/uploads\/sites\/5\/2022\/10\/Limpieza-intensiva-2-768x432.jpg 768w, https:\/\/cosladapre.toools.es\/politica-medioambiental\/wp-content\/uploads\/sites\/5\/2022\/10\/Limpieza-intensiva-2-1536x864.jpg 1536w, https:\/\/cosladapre.toools.es\/politica-medioambiental\/wp-content\/uploads\/sites\/5\/2022\/10\/Limpieza-intensiva-2-280x158.jpg 280w, https:\/\/cosladapre.toools.es\/politica-medioambiental\/wp-content\/uploads\/sites\/5\/2022\/10\/Limpieza-intensiva-2-1500x844.jpg 1500w, https:\/\/cosladapre.toools.es\/politica-medioambiental\/wp-content\/uploads\/sites\/5\/2022\/10\/Limpieza-intensiva-2-1320x743.jpg 1320w, https:\/\/cosladapre.toools.es\/politica-medioambiental\/wp-content\/uploads\/sites\/5\/2022\/10\/Limpieza-intensiva-2.jpg 1920w\" sizes=\"auto, (max-width: 1024px) 100vw, 1024px\" \/><figcaption>Baldeos y barridos mixtos forman parte de las limpiezas<\/figcaption><\/figure>\n\n\n\n<p>La Concejal\u00eda de Pol\u00edtica Medioambiental llevar\u00e1 a cabo limpiezas intensivas en distintas zonas de Coslada durante los meses de octubre y noviembre.&nbsp; Las actuaciones se realizar\u00e1n en Ciudad 70, el Casco, Parque Blanco, Espinilla, Las Vegas, Barrio del Puerto, Santiago, Los R\u00edos y Estaci\u00f3n.<\/p>\n\n\n\n<p>&nbsp;&nbsp;&nbsp;&nbsp;&nbsp;&nbsp;&nbsp;&nbsp;&nbsp;&nbsp;&nbsp; La primera limpieza intensiva ya se ha realizado en Ciudad 70 con barridos mixtos en las calles principales, baldeadoras de calzadas y aceras; as\u00ed como tambi\u00e9n un furg\u00f3n hidro para la limpieza de islas y mobiliario urbano.<\/p>\n\n\n\n<p>&nbsp;&nbsp;&nbsp;&nbsp;&nbsp;&nbsp;&nbsp;&nbsp;&nbsp;&nbsp;&nbsp; Como ha explicado el alcalde de Coslada, <strong>\u00c1ngel Viveros<em>, \u00abestas actuaciones son fruto del nuevo contrato de limpieza viaria, que ha supuesto un incremento en la partida presupuestaria de un 21% para la incorporaci\u00f3n de una nueva flota de veh\u00edculos el\u00e9ctricos y de gas natural comprimido. Esto permite la mecanizaci\u00f3n del servicio y el refuerzo de las limpiezas con agua a presi\u00f3n, baldeos y barridos mixtos\u00bb.<\/em><\/strong><\/p>\n\n\n\n<p>&nbsp;&nbsp;&nbsp;&nbsp;&nbsp;&nbsp;&nbsp;&nbsp;&nbsp;&nbsp;&nbsp; El concejal de Pol\u00edtica Medioambiental, <strong>Julio Huete<\/strong>, ha declarado que <strong><em>\u201cla mecanizaci\u00f3n del servicio&nbsp; es necesaria para hacer frente a las demandas de la ciudad; y lo hacemos bajo los par\u00e1metros de sostenibilidad, adquiriendo veh\u00edculos 100% el\u00e9ctricos\u201d.<\/em><\/strong><\/p>\n\n\n\n<figure class=\"wp-block-audio\"><audio controls src=\"https:\/\/cosladapre.toools.es\/politica-medioambiental\/wp-content\/uploads\/sites\/5\/2022\/10\/Julio-Huete-nuevo-contrato-de-limpieza.mp3\"><\/audio><figcaption>Julio Huete nuevo contrato de limpieza<\/figcaption><\/figure>\n\n\n\n<p><strong><em>&nbsp;&nbsp;&nbsp;&nbsp;&nbsp;&nbsp;&nbsp;&nbsp;&nbsp;&nbsp;&nbsp; <\/em><\/strong>Sobre el muevo contrato de limpieza, el edil de Medio Ambiente,<strong><em> Julio Huete<\/em><\/strong>, ha explicado que <strong><em>\u00abes uno de los m\u00e1s importantes del Ayuntamiento por la inversi\u00f3n que supone y la repercusi\u00f3n que tiene entre los vecinos y vecinas, ya que es uno de los servicios m\u00e1s demandados\u00bb.<\/em><\/strong><\/p>\n\n\n\n<figure class=\"wp-block-image size-large\"><img loading=\"lazy\" decoding=\"async\" width=\"1024\" height=\"683\" src=\"https:\/\/cosladapre.toools.es\/politica-medioambiental\/wp-content\/uploads\/sites\/5\/2022\/10\/Limpieza-intensiva-1-1024x683.jpg\" alt=\"\" class=\"wp-image-1786\" srcset=\"https:\/\/cosladapre.toools.es\/politica-medioambiental\/wp-content\/uploads\/sites\/5\/2022\/10\/Limpieza-intensiva-1-1024x683.jpg 1024w, https:\/\/cosladapre.toools.es\/politica-medioambiental\/wp-content\/uploads\/sites\/5\/2022\/10\/Limpieza-intensiva-1-300x200.jpg 300w, https:\/\/cosladapre.toools.es\/politica-medioambiental\/wp-content\/uploads\/sites\/5\/2022\/10\/Limpieza-intensiva-1-768x512.jpg 768w, https:\/\/cosladapre.toools.es\/politica-medioambiental\/wp-content\/uploads\/sites\/5\/2022\/10\/Limpieza-intensiva-1-391x260.jpg 391w, https:\/\/cosladapre.toools.es\/politica-medioambiental\/wp-content\/uploads\/sites\/5\/2022\/10\/Limpieza-intensiva-1-1536x1025.jpg 1536w, https:\/\/cosladapre.toools.es\/politica-medioambiental\/wp-content\/uploads\/sites\/5\/2022\/10\/Limpieza-intensiva-1-280x187.jpg 280w, https:\/\/cosladapre.toools.es\/politica-medioambiental\/wp-content\/uploads\/sites\/5\/2022\/10\/Limpieza-intensiva-1-1500x1001.jpg 1500w, https:\/\/cosladapre.toools.es\/politica-medioambiental\/wp-content\/uploads\/sites\/5\/2022\/10\/Limpieza-intensiva-1-1320x880.jpg 1320w\" sizes=\"auto, (max-width: 1024px) 100vw, 1024px\" \/><figcaption>Julio Huete, concejal de Pol\u00edtica Medioambiental, junto a los nuevos veh\u00edculos el\u00e9ctricos de limpieza<\/figcaption><\/figure>\n","protected":false},"excerpt":{"rendered":"<p>Con barridos mixtos, baldeos y limpieza de las islas ecol\u00f3gicas y el mobiliario urbano La Concejal\u00eda de Pol\u00edtica Medioambiental llevar\u00e1 a cabo limpiezas intensivas en distintas zonas de Coslada durante los meses de octubre y noviembre.&nbsp; Las actuaciones se realizar\u00e1n en Ciudad 70, el Casco, Parque Blanco, Espinilla, Las Vegas, Barrio del Puerto, Santiago, Los&hellip; <a class=\"continue\" href=\"https:\/\/cosladapre.toools.es\/politica-medioambiental\/2022\/10\/10\/el-ayuntamiento-de-coslada-ha-puesto-en-marcha-un-plan-de-limpiezas-intensivas-en-los-barrios\/\">Seguir leyendo<span> El Ayuntamiento de Coslada ha puesto en marcha un plan de limpiezas intensivas en los barrios<\/span><\/a><\/p>\n","protected":false},"author":108,"featured_media":1784,"comment_status":"closed","ping_status":"closed","sticky":false,"template":"","format":"standard","meta":{"ngg_post_thumbnail":0,"footnotes":""},"categories":[29,6,23],"tags":[],"class_list":["post-1783","post","type-post","status-publish","format-standard","has-post-thumbnail","hentry","category-limpieza-viaria","category-medio-ambiente","category-parques-y-jardines"],"publishpress_future_action":{"enabled":false,"date":"2026-05-04 22:58:53","action":"change-status","newStatus":"draft","terms":[],"taxonomy":"category","extraData":[]},"publishpress_future_workflow_manual_trigger":{"enabledWorkflows":[]},"_links":{"self":[{"href":"https:\/\/cosladapre.toools.es\/politica-medioambiental\/wp-json\/wp\/v2\/posts\/1783","targetHints":{"allow":["GET"]}}],"collection":[{"href":"https:\/\/cosladapre.toools.es\/politica-medioambiental\/wp-json\/wp\/v2\/posts"}],"about":[{"href":"https:\/\/cosladapre.toools.es\/politica-medioambiental\/wp-json\/wp\/v2\/types\/post"}],"author":[{"embeddable":true,"href":"https:\/\/cosladapre.toools.es\/politica-medioambiental\/wp-json\/wp\/v2\/users\/108"}],"replies":[{"embeddable":true,"href":"https:\/\/cosladapre.toools.es\/politica-medioambiental\/wp-json\/wp\/v2\/comments?post=1783"}],"version-history":[{"count":2,"href":"https:\/\/cosladapre.toools.es\/politica-medioambiental\/wp-json\/wp\/v2\/posts\/1783\/revisions"}],"predecessor-version":[{"id":1788,"href":"https:\/\/cosladapre.toools.es\/politica-medioambiental\/wp-json\/wp\/v2\/posts\/1783\/revisions\/1788"}],"wp:featuredmedia":[{"embeddable":true,"href":"https:\/\/cosladapre.toools.es\/politica-medioambiental\/wp-json\/wp\/v2\/media\/1784"}],"wp:attachment":[{"href":"https:\/\/cosladapre.toools.es\/politica-medioambiental\/wp-json\/wp\/v2\/media?parent=1783"}],"wp:term":[{"taxonomy":"category","embeddable":true,"href":"https:\/\/cosladapre.toools.es\/politica-medioambiental\/wp-json\/wp\/v2\/categories?post=1783"},{"taxonomy":"post_tag","embeddable":true,"href":"https:\/\/cosladapre.toools.es\/politica-medioambiental\/wp-json\/wp\/v2\/tags?post=1783"}],"curies":[{"name":"wp","href":"https:\/\/api.w.org\/{rel}","templated":true}]}}