{"id":1294,"date":"2022-06-15T09:32:58","date_gmt":"2022-06-15T07:32:58","guid":{"rendered":"https:\/\/cosladapre.toools.es\/politica-medioambiental\/?p=1294"},"modified":"2022-06-15T09:32:59","modified_gmt":"2022-06-15T07:32:59","slug":"coslada-impulsa-desde-hace-meses-proyectos-con-las-propuestas-que-introduce-la-nueva-ley-de-residuos","status":"publish","type":"post","link":"https:\/\/cosladapre.toools.es\/politica-medioambiental\/2022\/06\/15\/coslada-impulsa-desde-hace-meses-proyectos-con-las-propuestas-que-introduce-la-nueva-ley-de-residuos\/","title":{"rendered":"Coslada impulsa desde hace meses proyectos con las propuestas que introduce la nueva Ley de Residuos"},"content":{"rendered":"\n<h2 class=\"wp-block-heading\">A trav\u00e9s de la Concejal\u00eda de Pol\u00edtica Medioambiental<\/h2>\n\n\n\n<figure class=\"wp-block-image size-large\"><img loading=\"lazy\" decoding=\"async\" width=\"1024\" height=\"640\" src=\"https:\/\/cosladapre.toools.es\/politica-medioambiental\/wp-content\/uploads\/sites\/5\/2022\/06\/Nueva-Ley-de-Residuos-Coslada-1024x640.jpg\" alt=\"\" class=\"wp-image-1296\" srcset=\"https:\/\/cosladapre.toools.es\/politica-medioambiental\/wp-content\/uploads\/sites\/5\/2022\/06\/Nueva-Ley-de-Residuos-Coslada-1024x640.jpg 1024w, https:\/\/cosladapre.toools.es\/politica-medioambiental\/wp-content\/uploads\/sites\/5\/2022\/06\/Nueva-Ley-de-Residuos-Coslada-300x188.jpg 300w, https:\/\/cosladapre.toools.es\/politica-medioambiental\/wp-content\/uploads\/sites\/5\/2022\/06\/Nueva-Ley-de-Residuos-Coslada-768x480.jpg 768w, https:\/\/cosladapre.toools.es\/politica-medioambiental\/wp-content\/uploads\/sites\/5\/2022\/06\/Nueva-Ley-de-Residuos-Coslada-1536x960.jpg 1536w, https:\/\/cosladapre.toools.es\/politica-medioambiental\/wp-content\/uploads\/sites\/5\/2022\/06\/Nueva-Ley-de-Residuos-Coslada-280x175.jpg 280w, https:\/\/cosladapre.toools.es\/politica-medioambiental\/wp-content\/uploads\/sites\/5\/2022\/06\/Nueva-Ley-de-Residuos-Coslada-1500x938.jpg 1500w, https:\/\/cosladapre.toools.es\/politica-medioambiental\/wp-content\/uploads\/sites\/5\/2022\/06\/Nueva-Ley-de-Residuos-Coslada.jpg 2000w\" sizes=\"auto, (max-width: 1024px) 100vw, 1024px\" \/><figcaption><strong>Instalaci\u00f3n de composteras en colegios p\u00fablicos<\/strong><\/figcaption><\/figure>\n\n\n\n<p>La nueva Ley de <strong>Residuos y Suelos Contaminados para una Econom\u00eda Circular 7\/2022 <\/strong>obliga a realizar cambios sustanciales en la gesti\u00f3n de este apartado en lo que corresponde a las administraciones locales.<\/p>\n\n\n\n<p>Cabe subrayar que, en el caso de este municipio, el Ayuntamiento, a trav\u00e9s de la <strong>Concejal\u00eda de Pol\u00edtica Medioambiental<\/strong>, ya est\u00e1 aplicando algunas de las propuestas contempladas en la nueva legislaci\u00f3n.<\/p>\n\n\n\n<p>As\u00ed, la <strong>recogida separada de la fracci\u00f3n org\u00e1nica <\/strong>fue aprobaba el a\u00f1o pasado en el marco de un proyecto m\u00e1s ambicioso que incluye tambi\u00e9n el <strong>soterramiento de los contenedores <\/strong>en el barrio de Valleaguado, cuyas obras ya est\u00e1n en marcha.<\/p>\n\n\n\n<p>Adem\u00e1s, la <strong>Planta de Compostaje <\/strong>concebida para Coslada dotar\u00e1 de una segunda vida a los residuos procedentes del mantenimiento de las zonas verdes de la ciudad que, a su vez, podr\u00e1n ser <strong>reutilizados como fertilizante<\/strong>.<\/p>\n\n\n\n<p>Por otro lado, tambi\u00e9n hay que mencionar la <strong>instalaci\u00f3n de composteras en colegios p\u00fablicos <\/strong>del municipio. Esta acci\u00f3n presenta como objetivo fundamental la reutilizaci\u00f3n de los residuos de los comedores escolares, as\u00ed como el aprendizaje de las fases y beneficios del reciclaje por parte del alumnado. Este proceso educativo es un ejercicio vital de cara a la concienciaci\u00f3n medioambiental en las futuras generaciones.<\/p>\n\n\n\n<p>En palabras del concejal delegado de Pol\u00edtica Medioambiental, <strong>Julio Huete<\/strong>, <strong><em>\u201clos municipios desempe\u00f1an un papel esencial en la gesti\u00f3n sostenible de residuos para reducir la contaminaci\u00f3n, utilizar los de car\u00e1cter org\u00e1nico como nuevos recursos y crear medidas para el cambio hacia un sistema de econom\u00eda circular\u201d<\/em><\/strong>.<\/p>\n\n\n\n<h6 class=\"wp-block-heading\">&nbsp;<\/h6>\n\n\n\n<figure class=\"wp-block-image size-large\"><img loading=\"lazy\" decoding=\"async\" width=\"1024\" height=\"640\" src=\"https:\/\/cosladapre.toools.es\/politica-medioambiental\/wp-content\/uploads\/sites\/5\/2022\/06\/Nueva-Ley-de-Residuos-Coslada-1-1024x640.jpg\" alt=\"\" class=\"wp-image-1297\" srcset=\"https:\/\/cosladapre.toools.es\/politica-medioambiental\/wp-content\/uploads\/sites\/5\/2022\/06\/Nueva-Ley-de-Residuos-Coslada-1-1024x640.jpg 1024w, https:\/\/cosladapre.toools.es\/politica-medioambiental\/wp-content\/uploads\/sites\/5\/2022\/06\/Nueva-Ley-de-Residuos-Coslada-1-300x188.jpg 300w, https:\/\/cosladapre.toools.es\/politica-medioambiental\/wp-content\/uploads\/sites\/5\/2022\/06\/Nueva-Ley-de-Residuos-Coslada-1-768x480.jpg 768w, https:\/\/cosladapre.toools.es\/politica-medioambiental\/wp-content\/uploads\/sites\/5\/2022\/06\/Nueva-Ley-de-Residuos-Coslada-1-1536x960.jpg 1536w, https:\/\/cosladapre.toools.es\/politica-medioambiental\/wp-content\/uploads\/sites\/5\/2022\/06\/Nueva-Ley-de-Residuos-Coslada-1-280x175.jpg 280w, https:\/\/cosladapre.toools.es\/politica-medioambiental\/wp-content\/uploads\/sites\/5\/2022\/06\/Nueva-Ley-de-Residuos-Coslada-1-1500x938.jpg 1500w, https:\/\/cosladapre.toools.es\/politica-medioambiental\/wp-content\/uploads\/sites\/5\/2022\/06\/Nueva-Ley-de-Residuos-Coslada-1.jpg 2000w\" sizes=\"auto, (max-width: 1024px) 100vw, 1024px\" \/><\/figure>\n","protected":false},"excerpt":{"rendered":"<p>A trav\u00e9s de la Concejal\u00eda de Pol\u00edtica Medioambiental La nueva Ley de Residuos y Suelos Contaminados para una Econom\u00eda Circular 7\/2022 obliga a realizar cambios sustanciales en la gesti\u00f3n de este apartado en lo que corresponde a las administraciones locales. Cabe subrayar que, en el caso de este municipio, el Ayuntamiento, a trav\u00e9s de la&hellip; <a class=\"continue\" href=\"https:\/\/cosladapre.toools.es\/politica-medioambiental\/2022\/06\/15\/coslada-impulsa-desde-hace-meses-proyectos-con-las-propuestas-que-introduce-la-nueva-ley-de-residuos\/\">Seguir leyendo<span> Coslada impulsa desde hace meses proyectos con las propuestas que introduce la nueva Ley de Residuos<\/span><\/a><\/p>\n","protected":false},"author":152,"featured_media":1296,"comment_status":"closed","ping_status":"closed","sticky":false,"template":"","format":"standard","meta":{"ngg_post_thumbnail":0,"footnotes":""},"categories":[6],"tags":[],"class_list":["post-1294","post","type-post","status-publish","format-standard","has-post-thumbnail","hentry","category-medio-ambiente"],"publishpress_future_action":{"enabled":false,"date":"2026-05-05 00:21:30","action":"change-status","newStatus":"draft","terms":[],"taxonomy":"category","extraData":[]},"publishpress_future_workflow_manual_trigger":{"enabledWorkflows":[]},"_links":{"self":[{"href":"https:\/\/cosladapre.toools.es\/politica-medioambiental\/wp-json\/wp\/v2\/posts\/1294","targetHints":{"allow":["GET"]}}],"collection":[{"href":"https:\/\/cosladapre.toools.es\/politica-medioambiental\/wp-json\/wp\/v2\/posts"}],"about":[{"href":"https:\/\/cosladapre.toools.es\/politica-medioambiental\/wp-json\/wp\/v2\/types\/post"}],"author":[{"embeddable":true,"href":"https:\/\/cosladapre.toools.es\/politica-medioambiental\/wp-json\/wp\/v2\/users\/152"}],"replies":[{"embeddable":true,"href":"https:\/\/cosladapre.toools.es\/politica-medioambiental\/wp-json\/wp\/v2\/comments?post=1294"}],"version-history":[{"count":1,"href":"https:\/\/cosladapre.toools.es\/politica-medioambiental\/wp-json\/wp\/v2\/posts\/1294\/revisions"}],"predecessor-version":[{"id":1298,"href":"https:\/\/cosladapre.toools.es\/politica-medioambiental\/wp-json\/wp\/v2\/posts\/1294\/revisions\/1298"}],"wp:featuredmedia":[{"embeddable":true,"href":"https:\/\/cosladapre.toools.es\/politica-medioambiental\/wp-json\/wp\/v2\/media\/1296"}],"wp:attachment":[{"href":"https:\/\/cosladapre.toools.es\/politica-medioambiental\/wp-json\/wp\/v2\/media?parent=1294"}],"wp:term":[{"taxonomy":"category","embeddable":true,"href":"https:\/\/cosladapre.toools.es\/politica-medioambiental\/wp-json\/wp\/v2\/categories?post=1294"},{"taxonomy":"post_tag","embeddable":true,"href":"https:\/\/cosladapre.toools.es\/politica-medioambiental\/wp-json\/wp\/v2\/tags?post=1294"}],"curies":[{"name":"wp","href":"https:\/\/api.w.org\/{rel}","templated":true}]}}