{"id":1166,"date":"2022-04-25T11:10:25","date_gmt":"2022-04-25T11:10:25","guid":{"rendered":"https:\/\/cosladapre.toools.es\/politica-medioambiental\/?p=1166"},"modified":"2022-05-25T13:29:00","modified_gmt":"2022-05-25T11:29:00","slug":"coslada-presenta-sendos-estudios-de-fauna-y-suelo-centrado-en-el-parque-del-humedal","status":"publish","type":"post","link":"https:\/\/cosladapre.toools.es\/politica-medioambiental\/2022\/04\/25\/coslada-presenta-sendos-estudios-de-fauna-y-suelo-centrado-en-el-parque-del-humedal\/","title":{"rendered":"Coslada presenta sendos estudios de fauna y suelo centrado en el Parque del Humedal"},"content":{"rendered":"\n<h2 class=\"wp-block-heading\"><\/h2>\n\n\n\n<figure class=\"wp-block-image size-large\"><img loading=\"lazy\" decoding=\"async\" width=\"1024\" height=\"682\" src=\"https:\/\/cosladapre.toools.es\/politica-medioambiental\/wp-content\/uploads\/sites\/5\/2022\/04\/PRESENTACION-ESTUDIO-HUMEDALI4A1883-1024x682.jpg\" alt=\"\" class=\"wp-image-1167\" srcset=\"https:\/\/cosladapre.toools.es\/politica-medioambiental\/wp-content\/uploads\/sites\/5\/2022\/04\/PRESENTACION-ESTUDIO-HUMEDALI4A1883-1024x682.jpg 1024w, https:\/\/cosladapre.toools.es\/politica-medioambiental\/wp-content\/uploads\/sites\/5\/2022\/04\/PRESENTACION-ESTUDIO-HUMEDALI4A1883-300x200.jpg 300w, https:\/\/cosladapre.toools.es\/politica-medioambiental\/wp-content\/uploads\/sites\/5\/2022\/04\/PRESENTACION-ESTUDIO-HUMEDALI4A1883-768x512.jpg 768w, https:\/\/cosladapre.toools.es\/politica-medioambiental\/wp-content\/uploads\/sites\/5\/2022\/04\/PRESENTACION-ESTUDIO-HUMEDALI4A1883-391x260.jpg 391w, https:\/\/cosladapre.toools.es\/politica-medioambiental\/wp-content\/uploads\/sites\/5\/2022\/04\/PRESENTACION-ESTUDIO-HUMEDALI4A1883-1536x1024.jpg 1536w, https:\/\/cosladapre.toools.es\/politica-medioambiental\/wp-content\/uploads\/sites\/5\/2022\/04\/PRESENTACION-ESTUDIO-HUMEDALI4A1883-280x187.jpg 280w, https:\/\/cosladapre.toools.es\/politica-medioambiental\/wp-content\/uploads\/sites\/5\/2022\/04\/PRESENTACION-ESTUDIO-HUMEDALI4A1883-1500x1000.jpg 1500w, https:\/\/cosladapre.toools.es\/politica-medioambiental\/wp-content\/uploads\/sites\/5\/2022\/04\/PRESENTACION-ESTUDIO-HUMEDALI4A1883.jpg 2000w\" sizes=\"auto, (max-width: 1024px) 100vw, 1024px\" \/><\/figure>\n\n\n\n<p>El concejal delegado de Pol\u00edtica Medioambiental, <strong>Julio Huete<\/strong>, ha presentado en el Naturalario los estudios encargados por esta Concejal\u00eda&nbsp;&nbsp; sobre el <strong>Parque del Humedal de Coslada<\/strong> en lo que se refiere a fauna y suelos.<\/p>\n\n\n\n<p>&nbsp;&nbsp;&nbsp;&nbsp; Junto al edil han estado presentes los autores de los estudios <strong>Agust\u00edn Rubio<\/strong>, catedr\u00e1tico del departamento de Sistemas y Recursos Naturales de la UPM y <strong>Juan Manuel Mart\u00ednez<\/strong>, profesor titular del departamento de Producci\u00f3n Vegetal de la UPM. Tambi\u00e9n ha asistido&nbsp; <strong>Pablo Pereira<\/strong>, bi\u00f3logo de INFFE y autor de las fotos del Estudio de Fauna.<\/p>\n\n\n\n<p>&nbsp;&nbsp;&nbsp;&nbsp; El concejal delegado de Pol\u00edtica Medioambiental, <strong>Julio Huete<\/strong>,ha destacado la importancia de estos estudios <em>para <strong>\u00abhacernos una idea precisa de la extraordinaria riqueza de este espacio natural, el m\u00e1s grande la ciudad, y que ocupa casi un mill\u00f3n de metros cuadrados siendo el principal pulm\u00f3n verde de Coslada\u00bb.<\/strong><\/em>El edil ha a\u00f1adido que el conocimiento de<strong> \u00ab<em>los valores de diversidad tanto en fauna como en composici\u00f3n del suelo del Parque debe servir para concienciar acerca de la preservaci\u00f3n y el cuidado del mismo\u00bb.<\/em><\/strong><\/p>\n\n\n\n<p>&nbsp;&nbsp;&nbsp;&nbsp; El estudio de fauna ha determinado la existencia de reptiles como la culebra o tres especies de lagartija. En cuanto a los mam\u00edferos, se han identificado cinco tipos de roedores incluyendo los conejos as\u00ed como un zorro. Tambi\u00e9n se ha documentado la presencia de tres especies distintas de murci\u00e9lagos de las catorce que existen en Espa\u00f1a.<\/p>\n\n\n\n<figure class=\"wp-block-audio\"><audio controls src=\"https:\/\/cosladapre.toools.es\/politica-medioambiental\/wp-content\/uploads\/sites\/5\/2022\/04\/Cjal-delegado-Politica-Medioambiental-sobre-estudios-Humedal-2.mp3\"><\/audio><figcaption>Declaraciones de Julio Huete sobre Estudios del Parque del Humedal<\/figcaption><\/figure>\n\n\n\n<figure class=\"wp-block-audio\"><audio controls src=\"https:\/\/cosladapre.toools.es\/politica-medioambiental\/wp-content\/uploads\/sites\/5\/2022\/04\/Cjal-delegado-Politica-Medioambiental-sobre-estudios-Humedal-3.mp3\"><\/audio><figcaption>Declaraciones de Julio Huete sobre Estudios del Parque del Humedal<\/figcaption><\/figure>\n\n\n\n<figure class=\"wp-block-audio\"><audio controls src=\"https:\/\/cosladapre.toools.es\/politica-medioambiental\/wp-content\/uploads\/sites\/5\/2022\/04\/Cjal-delegado-Politica-Medioambiental-sobre-estudios-Humedal.mp3\"><\/audio><figcaption>Declaraciones de Julio Huete sobre Estudios del Parque del Humedal<\/figcaption><\/figure>\n\n\n\n<p><strong><u>Importante presencia de aves<\/u><\/strong><\/p>\n\n\n\n<p>&nbsp;&nbsp;&nbsp;&nbsp; Pero si en algo destaca el Humedal es en la <strong>riqueza en aves<\/strong>. <strong>El total de especies registradas es de 77<\/strong>. No se han encontrado en esta ocasi\u00f3n 11 especies que si se encontraron en el trabajo anterior de 2010, lo que nos dar\u00eda un total de 88 citas para el Parque del Humedal.<\/p>\n\n\n\n<p>&nbsp;&nbsp;&nbsp;&nbsp; <strong>Dieciocho de estas especies nidifican con seguridad en el interior del recinto del parque<\/strong>, y, sobre al menos cuatro m\u00e1s, hay serias sospechas de que puedan hacerlo aunque no ha podido comprobarse fehacientemente. De otras diez especies existe la certeza de que <strong>se reproducen en el entorno inmediato del parque<\/strong>, bien sea en los edificios del Barrio del Puerto, en el Parque que bordea la v\u00eda f\u00e9rrea o en los descampados al sur.<\/p>\n\n\n\n<p>&nbsp;&nbsp;&nbsp;&nbsp; Merece la pena destacar, por su especial inter\u00e9s, <strong>la invernada de Piquituerto, nada habitual en Madrid <\/strong>y su entorno, <strong>la presencia de Alcarav\u00e1n<\/strong>, y la interesante comunidad, invernante y nidificante de p\u00e1ridos y otros peque\u00f1os insect\u00edvoros, que tiene en los pinares y los peque\u00f1os bosquetes de caducifolios uno de sus principales refugios. <strong>La familia de los fring\u00edlidos, a\u00f1ade colorido y la belleza de sus cantos al conjunto.<\/strong><\/p>\n\n\n\n<p>&nbsp;&nbsp;&nbsp;&nbsp; Respecto a otros grupos de aves interesantes que se han podido observar encontramos los siguientes: \u00c1guila calzada, Milano real, Vencejo com\u00fan y p\u00e1lido, T\u00f3rtola com\u00fan, 4 c\u00f3rvidos (Cuervo, Corneja negra, Grajilla occidental y Urraca), Grulla, Golondrina da\u00farica, Avi\u00f3n zapador, Triguero, Abejaruco com\u00fan, Petirrojo, Ruise\u00f1or com\u00fan, Herrerillo com\u00fan y capuchino, Carbonero com\u00fan y garrapinos, Gorri\u00f3n com\u00fan, moruno y molinero, Pico picapinos, Pito ib\u00e9rico, Estornino negro y pinto\u2026y as\u00ed hasta un total de 77 especies.<\/p>\n\n\n\n<p><strong><u>36 especies de mariposas<\/u><\/strong><\/p>\n\n\n\n<p>&nbsp;&nbsp;&nbsp;&nbsp; Se han identificado 36 especies, pertenecientes a cinco familias de lepid\u00f3pteros. Esta cifra supone un 15,5 % de las especies presentes en la Espa\u00f1a peninsular e Islas Baleares De entra estas especies, hay dos bastante representativas en la Comunidad de Madrid, debido sobre todo a la transformaci\u00f3n y fragmentaci\u00f3n de sus h\u00e1bitat. Se tratar\u00eda de El Zegr\u00ed (Zegris eupheme), y por otra de la Cervantes (Erynnis tages).<\/p>\n\n\n\n<p><strong><u>Estudio de suelo<\/u><\/strong><\/p>\n\n\n\n<p>&nbsp;&nbsp;&nbsp;&nbsp; El delegado de Pol\u00edtica Medioambiental de Coslada, <strong>Julio Huete<\/strong>, ha afirmado que <strong><em>\u00abel Parque del Humedal, adem\u00e1s de sus valores recreativos, paisaj\u00edsticos, biol\u00f3gicos, tiene una componente mas, el suelo, important\u00edsima como soporte del resto de funciones, y que debe ser conocido, usado racionalmente y preservado\u00bb.<\/em><\/strong><\/p>\n\n\n\n<p>&nbsp;&nbsp;&nbsp;&nbsp; En las seis calicatas que se han realizado para analizar el suelo del Humedal se ha certificado que est\u00e1 basicamente compuesto por <strong>leptosoles<\/strong>. Los leptosoles son suelos poco desarrollados (poco profundos), normalmente por encontrarse en zonas de pendientes que dificultan su evoluci\u00f3n. En el caso del Parque del Humedal que tiene una fisiograf\u00eda suave, estar\u00eda asociado a su uso agropastoral secular que pudiera haber generado la degradaci\u00f3n de los suelos, un recurso que como es sabido no es recuperable a escala temporal humana.<\/p>\n\n\n\n<p>&nbsp;&nbsp;&nbsp;&nbsp; En cuanto al an\u00e1lisis del carbono desarrollado en cuarenta puntos y a distintas profundidades, <strong>los resultados indican que los suelos del Parque del Humedal ser\u00edan el almac\u00e9n de unas 1.984 toneladas de carbono<\/strong>. El suelo se considera el mayor sumidero potencial de carbono del planeta, fundamental para las medidas de adaptaci\u00f3n al cambio clim\u00e1tico.<\/p>\n\n\n\n<p><strong><u>Conclusiones<\/u><\/strong><\/p>\n\n\n\n<p>&nbsp;&nbsp;&nbsp;&nbsp; El parque del Humedal presenta <strong>dos ecosistemas claramente diferenciados<\/strong>, <strong>una zona esteparia y una zona forestal<\/strong>, que suponen h\u00e1bitats utilizados por distintas especies de fauna. La falta de vegetaci\u00f3n arbustiva supone una escasez de refugio para liebres y conejos, a lo que tambi\u00e9n contribuye la compacidad del suelo y su escasa profundidad, lo que dificulta la creaci\u00f3n de madrigueras.<\/p>\n\n\n\n<p>&nbsp;&nbsp;&nbsp;&nbsp; Un <strong>tercer h\u00e1bitat importante ser\u00eda la antigua Laguna del Esparragal<\/strong>, este ecosistema sin embargo no es funcional por la ausencia de agua durante la mayor parte del a\u00f1o. Esto impide la presencia de anfibios, pero tambi\u00e9n reduce la presencia de aves u otros mam\u00edferos que pudieran acercarse en busca de agua en ciertas \u00e9pocas del a\u00f1o, adem\u00e1s de reducirse la presencia de invertebrados que a su vez podr\u00edan ser fuente de alimentaci\u00f3n para otras especies, especialmente aves.<\/p>\n\n\n\n<p><strong><u>Grado de madurez de los h\u00e1bitats<\/u><\/strong><\/p>\n\n\n\n<p>&nbsp;&nbsp;&nbsp;&nbsp; La estepa del Parque, por las limitaciones que suponen las caracter\u00edsticas f\u00edsico-qu\u00edmicas de los suelos, se encuentra en una situaci\u00f3n de estabilidad o paracl\u00edmax. En el largo plazo las condiciones actuales variar\u00edan poco salvo que se produjesen intervenciones humanas.<\/p>\n\n\n\n<p>&nbsp;&nbsp;&nbsp;&nbsp; En el caso de la zona forestal, formada por el pinar de Pino carrasco, el envejecimiento gradual de la masa dar\u00e1 un h\u00e1bitat con \u00e1rboles de mayores di\u00e1metros, lo que permitir\u00e1 que este sea seleccionado por especies que eligen los bosques maduros para reproducirse o establecerse como ciertas especies de murci\u00e9lagos o aves forestales. <a><\/a><\/p>\n\n\n\n<p><strong><u>Presi\u00f3n sobre el Parque<\/u><\/strong><\/p>\n\n\n\n<p>&nbsp;&nbsp;&nbsp;&nbsp; De la realizaci\u00f3n de los distintos inventarios se ha podido comprobar el intenso uso que se hace del Parque. No solo los distintos caminos son transitados intensamente sino tambi\u00e9n las zonas fuera de caminos bajo el pinar o campo a trav\u00e9s.<\/p>\n\n\n\n<p>&nbsp;&nbsp;&nbsp;&nbsp; Asociado a este uso, la presencia de perros sueltos es com\u00fan. Esto facilita que en ocasiones estos salgan corriendo detr\u00e1s de liebres o conejos, lo que supone un stress innecesario para la fauna silvestre, que puede acabar con la captura de alg\u00fan ejemplar. &nbsp;&nbsp;&nbsp;&nbsp; Otra de las circunstancias que puede estar generando una alta depredaci\u00f3n sobre los mam\u00edferos roedores del parque y las escasas poblaciones de lagartijas es la presencia de colonias de gatos que deambulan por el parque.<\/p>\n\n\n\n<figure class=\"wp-block-gallery has-nested-images columns-default is-cropped wp-block-gallery-1 is-layout-flex wp-block-gallery-is-layout-flex\">\n<figure class=\"wp-block-image size-large\"><img loading=\"lazy\" decoding=\"async\" width=\"1024\" height=\"640\" data-id=\"1168\" src=\"https:\/\/cosladapre.toools.es\/politica-medioambiental\/wp-content\/uploads\/sites\/5\/2022\/04\/PRESENTACION-ESTUDIO-HUMEDALI4A1871-1024x640.jpg\" alt=\"\" class=\"wp-image-1168\" srcset=\"https:\/\/cosladapre.toools.es\/politica-medioambiental\/wp-content\/uploads\/sites\/5\/2022\/04\/PRESENTACION-ESTUDIO-HUMEDALI4A1871-1024x640.jpg 1024w, https:\/\/cosladapre.toools.es\/politica-medioambiental\/wp-content\/uploads\/sites\/5\/2022\/04\/PRESENTACION-ESTUDIO-HUMEDALI4A1871-300x188.jpg 300w, https:\/\/cosladapre.toools.es\/politica-medioambiental\/wp-content\/uploads\/sites\/5\/2022\/04\/PRESENTACION-ESTUDIO-HUMEDALI4A1871-768x480.jpg 768w, https:\/\/cosladapre.toools.es\/politica-medioambiental\/wp-content\/uploads\/sites\/5\/2022\/04\/PRESENTACION-ESTUDIO-HUMEDALI4A1871-1536x960.jpg 1536w, https:\/\/cosladapre.toools.es\/politica-medioambiental\/wp-content\/uploads\/sites\/5\/2022\/04\/PRESENTACION-ESTUDIO-HUMEDALI4A1871-280x175.jpg 280w, https:\/\/cosladapre.toools.es\/politica-medioambiental\/wp-content\/uploads\/sites\/5\/2022\/04\/PRESENTACION-ESTUDIO-HUMEDALI4A1871-1500x938.jpg 1500w, https:\/\/cosladapre.toools.es\/politica-medioambiental\/wp-content\/uploads\/sites\/5\/2022\/04\/PRESENTACION-ESTUDIO-HUMEDALI4A1871.jpg 2000w\" sizes=\"auto, (max-width: 1024px) 100vw, 1024px\" \/><\/figure>\n\n\n\n<figure class=\"wp-block-image size-large\"><img loading=\"lazy\" decoding=\"async\" width=\"1024\" height=\"563\" data-id=\"1169\" src=\"https:\/\/cosladapre.toools.es\/politica-medioambiental\/wp-content\/uploads\/sites\/5\/2022\/04\/PRESENTACION-ESTUDIO-HUMEDALI4A1873-1024x563.jpg\" alt=\"\" class=\"wp-image-1169\" srcset=\"https:\/\/cosladapre.toools.es\/politica-medioambiental\/wp-content\/uploads\/sites\/5\/2022\/04\/PRESENTACION-ESTUDIO-HUMEDALI4A1873-1024x563.jpg 1024w, https:\/\/cosladapre.toools.es\/politica-medioambiental\/wp-content\/uploads\/sites\/5\/2022\/04\/PRESENTACION-ESTUDIO-HUMEDALI4A1873-300x165.jpg 300w, https:\/\/cosladapre.toools.es\/politica-medioambiental\/wp-content\/uploads\/sites\/5\/2022\/04\/PRESENTACION-ESTUDIO-HUMEDALI4A1873-768x422.jpg 768w, https:\/\/cosladapre.toools.es\/politica-medioambiental\/wp-content\/uploads\/sites\/5\/2022\/04\/PRESENTACION-ESTUDIO-HUMEDALI4A1873-1536x845.jpg 1536w, https:\/\/cosladapre.toools.es\/politica-medioambiental\/wp-content\/uploads\/sites\/5\/2022\/04\/PRESENTACION-ESTUDIO-HUMEDALI4A1873-280x154.jpg 280w, https:\/\/cosladapre.toools.es\/politica-medioambiental\/wp-content\/uploads\/sites\/5\/2022\/04\/PRESENTACION-ESTUDIO-HUMEDALI4A1873-1500x825.jpg 1500w, https:\/\/cosladapre.toools.es\/politica-medioambiental\/wp-content\/uploads\/sites\/5\/2022\/04\/PRESENTACION-ESTUDIO-HUMEDALI4A1873.jpg 2000w\" sizes=\"auto, (max-width: 1024px) 100vw, 1024px\" \/><\/figure>\n<\/figure>\n","protected":false},"excerpt":{"rendered":"<p>El concejal delegado de Pol\u00edtica Medioambiental, Julio Huete, ha presentado en el Naturalario los estudios encargados por esta Concejal\u00eda&nbsp;&nbsp; sobre el Parque del Humedal de Coslada en lo que se refiere a fauna y suelos. &nbsp;&nbsp;&nbsp;&nbsp; Junto al edil han estado presentes los autores de los estudios Agust\u00edn Rubio, catedr\u00e1tico del departamento de Sistemas y&hellip; <a class=\"continue\" href=\"https:\/\/cosladapre.toools.es\/politica-medioambiental\/2022\/04\/25\/coslada-presenta-sendos-estudios-de-fauna-y-suelo-centrado-en-el-parque-del-humedal\/\">Seguir leyendo<span> Coslada presenta sendos estudios de fauna y suelo centrado en el Parque del Humedal<\/span><\/a><\/p>\n","protected":false},"author":108,"featured_media":1167,"comment_status":"open","ping_status":"open","sticky":false,"template":"","format":"standard","meta":{"ngg_post_thumbnail":0,"footnotes":""},"categories":[6,23],"tags":[],"class_list":["post-1166","post","type-post","status-publish","format-standard","has-post-thumbnail","hentry","category-medio-ambiente","category-parques-y-jardines"],"publishpress_future_action":{"enabled":false,"date":"2026-05-05 00:25:24","action":"change-status","newStatus":"draft","terms":[],"taxonomy":"category","extraData":[]},"publishpress_future_workflow_manual_trigger":{"enabledWorkflows":[]},"_links":{"self":[{"href":"https:\/\/cosladapre.toools.es\/politica-medioambiental\/wp-json\/wp\/v2\/posts\/1166","targetHints":{"allow":["GET"]}}],"collection":[{"href":"https:\/\/cosladapre.toools.es\/politica-medioambiental\/wp-json\/wp\/v2\/posts"}],"about":[{"href":"https:\/\/cosladapre.toools.es\/politica-medioambiental\/wp-json\/wp\/v2\/types\/post"}],"author":[{"embeddable":true,"href":"https:\/\/cosladapre.toools.es\/politica-medioambiental\/wp-json\/wp\/v2\/users\/108"}],"replies":[{"embeddable":true,"href":"https:\/\/cosladapre.toools.es\/politica-medioambiental\/wp-json\/wp\/v2\/comments?post=1166"}],"version-history":[{"count":4,"href":"https:\/\/cosladapre.toools.es\/politica-medioambiental\/wp-json\/wp\/v2\/posts\/1166\/revisions"}],"predecessor-version":[{"id":1206,"href":"https:\/\/cosladapre.toools.es\/politica-medioambiental\/wp-json\/wp\/v2\/posts\/1166\/revisions\/1206"}],"wp:featuredmedia":[{"embeddable":true,"href":"https:\/\/cosladapre.toools.es\/politica-medioambiental\/wp-json\/wp\/v2\/media\/1167"}],"wp:attachment":[{"href":"https:\/\/cosladapre.toools.es\/politica-medioambiental\/wp-json\/wp\/v2\/media?parent=1166"}],"wp:term":[{"taxonomy":"category","embeddable":true,"href":"https:\/\/cosladapre.toools.es\/politica-medioambiental\/wp-json\/wp\/v2\/categories?post=1166"},{"taxonomy":"post_tag","embeddable":true,"href":"https:\/\/cosladapre.toools.es\/politica-medioambiental\/wp-json\/wp\/v2\/tags?post=1166"}],"curies":[{"name":"wp","href":"https:\/\/api.w.org\/{rel}","templated":true}]}}