{"id":1128,"date":"2020-11-25T00:00:00","date_gmt":"2020-11-25T00:00:00","guid":{"rendered":"https:\/\/cosladapre.toools.es\/politica-medioambiental\/2020\/11\/25\/el-ayuntamiento-de-coslada-municipalizara-la-jardineria-de-la-zona-del-casco-y-del-barrio-del-puerto\/"},"modified":"2020-11-25T00:00:00","modified_gmt":"2020-11-25T00:00:00","slug":"el-ayuntamiento-de-coslada-municipalizara-la-jardineria-de-la-zona-del-casco-y-del-barrio-del-puerto","status":"publish","type":"post","link":"https:\/\/cosladapre.toools.es\/politica-medioambiental\/2020\/11\/25\/el-ayuntamiento-de-coslada-municipalizara-la-jardineria-de-la-zona-del-casco-y-del-barrio-del-puerto\/","title":{"rendered":"El Ayuntamiento de Coslada municipalizar\u00e1 la jardiner\u00eda de la zona del Casco y del Barrio del Puerto"},"content":{"rendered":"<p>El<br \/>\nAyuntamiento de Coslada va a proceder a la municipalizaci\u00f3n de la jardiner\u00eda<br \/>\nde la zona del Casco y el Barrio del Puerto, unificando la jardiner\u00eda<br \/>\ndel conjunto de zonas verdes de la ciudad. La municipalizaci\u00f3n se realiza para<br \/>\nmejorar la calidad del servicio, al mismo tiempo que se produce un ahorro<br \/>\npresupuestario.<\/p>\n<p>            Adem\u00e1s, se apuesta por la capacitaci\u00f3n<br \/>\ny formaci\u00f3n continuada de la plantilla.<br \/>\nDe esta forma se mejorar\u00e1 el servicio en aspectos tales como el dise\u00f1o<br \/>\nde parques y jardines, la utilizaci\u00f3n de plantas refugio para control de plagas,<br \/>\nla instalaci\u00f3n de cubiertas protectoras para plantaciones, el compostaje de<br \/>\nrestos de jardiner\u00eda, el control ecol\u00f3gico de plaga y enfermedades o la<br \/>\nintroducci\u00f3n de nuevas especies comerciales ornamentales para jardines<br \/>\nsostenibles.<\/p>\n<p>            Como ha expuesto el concejal de<br \/>\nPol\u00edtica Ambiental del Ayuntamiento de Coslada, Julio Huete, \u00abse<br \/>\nllevar\u00e1n a cabo todas las innovaciones que se consideren apropiadas para<br \/>\nadaptar la labor a la \u00f3ptica de la jardiner\u00eda moderna y ambientalmente<br \/>\nsostenible\u00bb.<\/p>\n<p>            Esta acci\u00f3n ir\u00e1 acompa\u00f1ada de un<br \/>\nplan de choque de atenci\u00f3n y protecci\u00f3n del arbolado, que incluye la<br \/>\nelaboraci\u00f3n de un inventario de \u00e1rboles para la prevenci\u00f3n de riesgos y el<br \/>\nmejor cuidado y salud de los ejemplares. El objetivo es que, una vez los<br \/>\nriesgos se consideren controlados, el servicio del arbolado tambi\u00e9n forme<br \/>\nparte de las municipalizaciones.<\/p>\n<p>            El edil de Pol\u00edtica Medioambiental, Julio<br \/>\nHuete, ha declarado que\u201cesta medida supondr\u00e1 una mejora tanto en la<br \/>\njardiner\u00eda como en arbolado, al que tenemos que dar soluci\u00f3n. Supone un<br \/>\nincremento de 200.000 euros de inversi\u00f3n en el conjunto de la mejora\u201d.<\/p>\n<\/p>\n<figure class=\"wp-block-image size-full\"><img decoding=\"async\" src=\"\/wp-content\/uploads\/2021\/10\/parque-el-plantio-23.jpg\" alt=\"parque-el-plantio-23\" class=\"wp-image-9\"\/><\/figure>\n<figure class=\"wp-block-image size-full\"><img decoding=\"async\" src=\"\/wp-content\/uploads\/2021\/10\/rambla.jpg\" alt=\"rambla\" class=\"wp-image-9\"\/><\/figure>\n","protected":false},"excerpt":{"rendered":"<p>El Ayuntamiento de Coslada va a proceder a la municipalizaci\u00f3n de la jardiner\u00eda de la zona del Casco y el Barrio del Puerto, unificando la jardiner\u00eda del conjunto de zonas verdes de la ciudad. La municipalizaci\u00f3n se realiza para mejorar la calidad del servicio, al mismo tiempo que se produce un ahorro presupuestario. Adem\u00e1s, se&hellip; <a class=\"continue\" href=\"https:\/\/cosladapre.toools.es\/politica-medioambiental\/2020\/11\/25\/el-ayuntamiento-de-coslada-municipalizara-la-jardineria-de-la-zona-del-casco-y-del-barrio-del-puerto\/\">Seguir leyendo<span> El Ayuntamiento de Coslada municipalizar\u00e1 la jardiner\u00eda de la zona del Casco y del Barrio del Puerto<\/span><\/a><\/p>\n","protected":false},"author":1,"featured_media":0,"comment_status":"open","ping_status":"open","sticky":false,"template":"","format":"standard","meta":{"ngg_post_thumbnail":0,"footnotes":""},"categories":[6,23],"tags":[],"class_list":["post-1128","post","type-post","status-publish","format-standard","hentry","category-medio-ambiente","category-parques-y-jardines"],"publishpress_future_action":{"enabled":false,"date":"2026-05-04 22:57:05","action":"change-status","newStatus":"draft","terms":[],"taxonomy":"category","extraData":[]},"publishpress_future_workflow_manual_trigger":{"enabledWorkflows":[]},"_links":{"self":[{"href":"https:\/\/cosladapre.toools.es\/politica-medioambiental\/wp-json\/wp\/v2\/posts\/1128","targetHints":{"allow":["GET"]}}],"collection":[{"href":"https:\/\/cosladapre.toools.es\/politica-medioambiental\/wp-json\/wp\/v2\/posts"}],"about":[{"href":"https:\/\/cosladapre.toools.es\/politica-medioambiental\/wp-json\/wp\/v2\/types\/post"}],"author":[{"embeddable":true,"href":"https:\/\/cosladapre.toools.es\/politica-medioambiental\/wp-json\/wp\/v2\/users\/1"}],"replies":[{"embeddable":true,"href":"https:\/\/cosladapre.toools.es\/politica-medioambiental\/wp-json\/wp\/v2\/comments?post=1128"}],"version-history":[{"count":0,"href":"https:\/\/cosladapre.toools.es\/politica-medioambiental\/wp-json\/wp\/v2\/posts\/1128\/revisions"}],"wp:attachment":[{"href":"https:\/\/cosladapre.toools.es\/politica-medioambiental\/wp-json\/wp\/v2\/media?parent=1128"}],"wp:term":[{"taxonomy":"category","embeddable":true,"href":"https:\/\/cosladapre.toools.es\/politica-medioambiental\/wp-json\/wp\/v2\/categories?post=1128"},{"taxonomy":"post_tag","embeddable":true,"href":"https:\/\/cosladapre.toools.es\/politica-medioambiental\/wp-json\/wp\/v2\/tags?post=1128"}],"curies":[{"name":"wp","href":"https:\/\/api.w.org\/{rel}","templated":true}]}}