{"id":3974,"date":"2024-01-30T14:29:29","date_gmt":"2024-01-30T13:29:29","guid":{"rendered":"https:\/\/cosladapre.toools.es\/educacion\/?p=3974"},"modified":"2024-01-30T14:59:29","modified_gmt":"2024-01-30T13:59:29","slug":"colegios-coslada-dia-paz","status":"publish","type":"post","link":"https:\/\/cosladapre.toools.es\/educacion\/2024\/01\/30\/colegios-coslada-dia-paz\/","title":{"rendered":"Los Colegios de Coslada celebran el D\u00eda de la Paz"},"content":{"rendered":"\n<h2 class=\"wp-block-heading\">Entre las actividades, dos carreras solidarias<\/h2>\n\n\n\n<figure class=\"wp-block-image size-large\"><img loading=\"lazy\" decoding=\"async\" width=\"1024\" height=\"576\" src=\"https:\/\/cosladapre.toools.es\/educacion\/wp-content\/uploads\/sites\/13\/2024\/01\/DIA-DE-LA-PAZ-CEIP-SENECA-2024I4A7208-1024x576.jpg\" alt=\"\" class=\"wp-image-3976\" srcset=\"https:\/\/cosladapre.toools.es\/educacion\/wp-content\/uploads\/sites\/13\/2024\/01\/DIA-DE-LA-PAZ-CEIP-SENECA-2024I4A7208-1024x576.jpg 1024w, https:\/\/cosladapre.toools.es\/educacion\/wp-content\/uploads\/sites\/13\/2024\/01\/DIA-DE-LA-PAZ-CEIP-SENECA-2024I4A7208-300x169.jpg 300w, https:\/\/cosladapre.toools.es\/educacion\/wp-content\/uploads\/sites\/13\/2024\/01\/DIA-DE-LA-PAZ-CEIP-SENECA-2024I4A7208-768x432.jpg 768w, https:\/\/cosladapre.toools.es\/educacion\/wp-content\/uploads\/sites\/13\/2024\/01\/DIA-DE-LA-PAZ-CEIP-SENECA-2024I4A7208-1536x865.jpg 1536w, https:\/\/cosladapre.toools.es\/educacion\/wp-content\/uploads\/sites\/13\/2024\/01\/DIA-DE-LA-PAZ-CEIP-SENECA-2024I4A7208-2048x1153.jpg 2048w, https:\/\/cosladapre.toools.es\/educacion\/wp-content\/uploads\/sites\/13\/2024\/01\/DIA-DE-LA-PAZ-CEIP-SENECA-2024I4A7208-280x158.jpg 280w, https:\/\/cosladapre.toools.es\/educacion\/wp-content\/uploads\/sites\/13\/2024\/01\/DIA-DE-LA-PAZ-CEIP-SENECA-2024I4A7208-1500x844.jpg 1500w, https:\/\/cosladapre.toools.es\/educacion\/wp-content\/uploads\/sites\/13\/2024\/01\/DIA-DE-LA-PAZ-CEIP-SENECA-2024I4A7208-1320x743.jpg 1320w\" sizes=\"auto, (max-width: 1024px) 100vw, 1024px\" \/><\/figure>\n\n\n\n<p>Con motivo del<strong> D\u00eda Escolar de la No Violencia y la Paz<\/strong>, conocido popularmente como <strong>D\u00eda de la Paz<\/strong>, los Centros de Educaci\u00f3n Infantil, Primaria y Secundaria de Coslada han llevado a cabo diferentes actividades especiales. Entre ellas han destacado dos <strong>carreras solidarias<\/strong>, una organizada por el <strong>CEIP Torres Quevedo <\/strong>en el <strong>polideportivo Valleaguado<\/strong> y otra a cargo del <strong>CEIP S\u00e9neca<\/strong>.<\/p>\n\n\n\n<p><strong>&nbsp;&nbsp;&nbsp;&nbsp;&nbsp;&nbsp;&nbsp;&nbsp; <\/strong>El D\u00eda de la Paz conmemora la muerte de Gandhi en 1948 a iniciativa de la UNESCO. El objetivo de esta jornada en los <strong>Centros Educativos de Coslada<\/strong> es incidir en la importancia de la tolerancia, la solidaridad, la concordia y el respeto a los Derechos Humanos; en definitiva, <strong>una educaci\u00f3n inspirada en la<\/strong> <strong>no violencia y la paz<\/strong>.<\/p>\n\n\n\n<h2 class=\"wp-block-heading\"><strong>Carreras solidarias<\/strong><\/h2>\n\n\n\n<p>&nbsp;&nbsp;&nbsp;&nbsp;&nbsp;&nbsp;&nbsp;&nbsp;&nbsp;&nbsp;&nbsp; Los Colegios Torres Quevedo y S\u00e9neca han organizado sendas carreras solidarias a favor de la ONG <strong>Save the Children<\/strong>. La prueba del <strong>CEIP Torres Quevedo<\/strong> ha tenido lugar en el <strong>polideportivo Valleaguado<\/strong>, a primera hora de la ma\u00f1ana.<\/p>\n\n\n\n<p><strong>&nbsp;&nbsp;&nbsp;&nbsp;&nbsp;&nbsp;&nbsp;&nbsp; <\/strong>Despu\u00e9s, a mediod\u00eda, el alumnado del <strong>CEIP S\u00e9neca <\/strong>ha celebrado su actividad en los alrededores de sus instalaciones. A ella ha asistido el concejal delegado de Educaci\u00f3n, <strong>Jos\u00e9 Sousa<\/strong>, quien ha mostrado as\u00ed el compromiso del Ayuntamiento de Coslada con estas iniciativas.<\/p>\n\n\n\n<p><strong>&nbsp;&nbsp;&nbsp;&nbsp;&nbsp;&nbsp;&nbsp;&nbsp; <\/strong>Durante toda la jornada la participaci\u00f3n ha sido un \u00e9xito, con cientos de escolares disfrutando de un ambiente inmejorable y una magn\u00edfica ma\u00f1ana deportiva.<\/p>\n\n\n\n<figure class=\"wp-block-image size-large\"><img loading=\"lazy\" decoding=\"async\" width=\"1024\" height=\"364\" src=\"https:\/\/cosladapre.toools.es\/educacion\/wp-content\/uploads\/sites\/13\/2024\/01\/DIA-DE-LA-PAZ-VALLEAGUADO-8167-1024x364.jpg\" alt=\"\" class=\"wp-image-3977\" srcset=\"https:\/\/cosladapre.toools.es\/educacion\/wp-content\/uploads\/sites\/13\/2024\/01\/DIA-DE-LA-PAZ-VALLEAGUADO-8167-1024x364.jpg 1024w, https:\/\/cosladapre.toools.es\/educacion\/wp-content\/uploads\/sites\/13\/2024\/01\/DIA-DE-LA-PAZ-VALLEAGUADO-8167-300x107.jpg 300w, https:\/\/cosladapre.toools.es\/educacion\/wp-content\/uploads\/sites\/13\/2024\/01\/DIA-DE-LA-PAZ-VALLEAGUADO-8167-768x273.jpg 768w, https:\/\/cosladapre.toools.es\/educacion\/wp-content\/uploads\/sites\/13\/2024\/01\/DIA-DE-LA-PAZ-VALLEAGUADO-8167-1536x546.jpg 1536w, https:\/\/cosladapre.toools.es\/educacion\/wp-content\/uploads\/sites\/13\/2024\/01\/DIA-DE-LA-PAZ-VALLEAGUADO-8167-280x99.jpg 280w, https:\/\/cosladapre.toools.es\/educacion\/wp-content\/uploads\/sites\/13\/2024\/01\/DIA-DE-LA-PAZ-VALLEAGUADO-8167-1500x533.jpg 1500w, https:\/\/cosladapre.toools.es\/educacion\/wp-content\/uploads\/sites\/13\/2024\/01\/DIA-DE-LA-PAZ-VALLEAGUADO-8167-1320x469.jpg 1320w, https:\/\/cosladapre.toools.es\/educacion\/wp-content\/uploads\/sites\/13\/2024\/01\/DIA-DE-LA-PAZ-VALLEAGUADO-8167.jpg 1968w\" sizes=\"auto, (max-width: 1024px) 100vw, 1024px\" \/><\/figure>\n","protected":false},"excerpt":{"rendered":"<p>Entre las actividades, dos carreras solidarias Con motivo del D\u00eda Escolar de la No Violencia y la Paz, conocido popularmente como D\u00eda de la Paz, los Centros de Educaci\u00f3n Infantil, Primaria y Secundaria de Coslada han llevado a cabo diferentes actividades especiales. Entre ellas han destacado dos carreras solidarias, una organizada por el CEIP Torres&hellip; <a class=\"continue\" href=\"https:\/\/cosladapre.toools.es\/educacion\/2024\/01\/30\/colegios-coslada-dia-paz\/\">Seguir leyendo<span> Los Colegios de Coslada celebran el D\u00eda de la Paz<\/span><\/a><\/p>\n","protected":false},"author":1106,"featured_media":0,"comment_status":"closed","ping_status":"closed","sticky":false,"template":"","format":"standard","meta":{"ngg_post_thumbnail":0,"footnotes":""},"categories":[1],"tags":[],"class_list":["post-3974","post","type-post","status-publish","format-standard","hentry","category-sin-categoria"],"publishpress_future_action":{"enabled":false,"date":"2026-05-04 19:46:16","action":"change-status","newStatus":"draft","terms":[],"taxonomy":"category","extraData":[]},"publishpress_future_workflow_manual_trigger":{"enabledWorkflows":[]},"_links":{"self":[{"href":"https:\/\/cosladapre.toools.es\/educacion\/wp-json\/wp\/v2\/posts\/3974","targetHints":{"allow":["GET"]}}],"collection":[{"href":"https:\/\/cosladapre.toools.es\/educacion\/wp-json\/wp\/v2\/posts"}],"about":[{"href":"https:\/\/cosladapre.toools.es\/educacion\/wp-json\/wp\/v2\/types\/post"}],"author":[{"embeddable":true,"href":"https:\/\/cosladapre.toools.es\/educacion\/wp-json\/wp\/v2\/users\/1106"}],"replies":[{"embeddable":true,"href":"https:\/\/cosladapre.toools.es\/educacion\/wp-json\/wp\/v2\/comments?post=3974"}],"version-history":[{"count":2,"href":"https:\/\/cosladapre.toools.es\/educacion\/wp-json\/wp\/v2\/posts\/3974\/revisions"}],"predecessor-version":[{"id":3981,"href":"https:\/\/cosladapre.toools.es\/educacion\/wp-json\/wp\/v2\/posts\/3974\/revisions\/3981"}],"wp:attachment":[{"href":"https:\/\/cosladapre.toools.es\/educacion\/wp-json\/wp\/v2\/media?parent=3974"}],"wp:term":[{"taxonomy":"category","embeddable":true,"href":"https:\/\/cosladapre.toools.es\/educacion\/wp-json\/wp\/v2\/categories?post=3974"},{"taxonomy":"post_tag","embeddable":true,"href":"https:\/\/cosladapre.toools.es\/educacion\/wp-json\/wp\/v2\/tags?post=3974"}],"curies":[{"name":"wp","href":"https:\/\/api.w.org\/{rel}","templated":true}]}}