{"id":3409,"date":"2023-06-15T12:24:13","date_gmt":"2023-06-15T10:24:13","guid":{"rendered":"https:\/\/cosladapre.toools.es\/educacion-y-deportes\/?p=3409"},"modified":"2023-06-15T12:24:15","modified_gmt":"2023-06-15T10:24:15","slug":"el-ayuntamiento-ha-atendido-todas-las-peticiones-recibidas-para-participar-en-el-coslada-juega-en-verano","status":"publish","type":"post","link":"https:\/\/cosladapre.toools.es\/educacion\/2023\/06\/15\/el-ayuntamiento-ha-atendido-todas-las-peticiones-recibidas-para-participar-en-el-coslada-juega-en-verano\/","title":{"rendered":"El Ayuntamiento ha atendido todas las peticiones recibidas para participar en el Coslada Juega en Verano"},"content":{"rendered":"\n<h2 class=\"wp-block-heading\">Este programa de ocio educativo contar\u00e1 con servicio de enfermer\u00eda<\/h2>\n\n\n\n<figure class=\"wp-block-image size-large\"><img loading=\"lazy\" decoding=\"async\" width=\"1024\" height=\"801\" src=\"https:\/\/cosladapre.toools.es\/educacion-y-deportes\/wp-content\/uploads\/sites\/13\/2023\/06\/RP-COSLADA-JUEGA-1-1024x801.jpg\" alt=\"\" class=\"wp-image-3411\" srcset=\"https:\/\/cosladapre.toools.es\/educacion\/wp-content\/uploads\/sites\/13\/2023\/06\/RP-COSLADA-JUEGA-1-1024x801.jpg 1024w, https:\/\/cosladapre.toools.es\/educacion\/wp-content\/uploads\/sites\/13\/2023\/06\/RP-COSLADA-JUEGA-1-300x235.jpg 300w, https:\/\/cosladapre.toools.es\/educacion\/wp-content\/uploads\/sites\/13\/2023\/06\/RP-COSLADA-JUEGA-1-768x601.jpg 768w, https:\/\/cosladapre.toools.es\/educacion\/wp-content\/uploads\/sites\/13\/2023\/06\/RP-COSLADA-JUEGA-1-1536x1201.jpg 1536w, https:\/\/cosladapre.toools.es\/educacion\/wp-content\/uploads\/sites\/13\/2023\/06\/RP-COSLADA-JUEGA-1-2048x1602.jpg 2048w, https:\/\/cosladapre.toools.es\/educacion\/wp-content\/uploads\/sites\/13\/2023\/06\/RP-COSLADA-JUEGA-1-239x187.jpg 239w, https:\/\/cosladapre.toools.es\/educacion\/wp-content\/uploads\/sites\/13\/2023\/06\/RP-COSLADA-JUEGA-1-1500x1173.jpg 1500w, https:\/\/cosladapre.toools.es\/educacion\/wp-content\/uploads\/sites\/13\/2023\/06\/RP-COSLADA-JUEGA-1-1320x1032.jpg 1320w\" sizes=\"auto, (max-width: 1024px) 100vw, 1024px\" \/><\/figure>\n\n\n\n<p>El concejal de Educaci\u00f3n del Ayuntamiento de Coslada, <strong>Iv\u00e1n L\u00f3pez<\/strong>, ha presentado el programa<strong> Coslada Juega en Verano<\/strong> de este a\u00f1o 2023, en el que se <strong>han recibido 1.100 solicitudes, que ocupar\u00e1n 4.635 plazas<\/strong> del total ofertadas, que han sido 5.250. <strong>Se ha podido atender el 100% de las peticiones recibidas dentro de los plazos establecidos. 320 plazas<\/strong> han sido ocupadas por usuarios\/as derivados\/as por la Concejal\u00eda de Servicios Sociales.<\/p>\n\n\n\n<p>Como ha explicado el edil, <strong>Iv\u00e1n L\u00f3pez<\/strong>, <strong><em>\u00abeste programa propone un ocio educativo para ni\u00f1os y ni\u00f1as a la vez permite a sus progenitores conciliar la vida laboral, personal y familiar en verano, garantizando los derechos de la infancia a la educaci\u00f3n, el juego y la participaci\u00f3n.\u00a0 Se desarrollar\u00e1 a lo largo de diez semanas\u00bb.<\/em><\/strong><\/p>\n\n\n\n<figure class=\"wp-block-audio\"><audio controls src=\"https:\/\/cosladapre.toools.es\/educacion-y-deportes\/wp-content\/uploads\/sites\/13\/2023\/06\/Ivan-Lopez-objetivos-Coslada-Juega.mp3\"><\/audio><figcaption>Iv\u00e1n-L\u00f3pez-objetivos-Coslada-Juega<\/figcaption><\/figure>\n\n\n\n<p>Este verano, <strong>por segundo a\u00f1o consecutivo, el programa contar\u00e1 con servicio de enfermer\u00eda que se integrar\u00e1 en el equipo de trabajo de unos de los centros educativos con apertura, concretamente, el CEIP. Torres Quevedo<\/strong>. El profesional estar\u00e1 presente a lo largo de dos semanas, exactamente del 17 al 28 de julio, con el objetivo de atender, trabajar y apoyar a las dos peticiones recibidas, que por cuestiones de salud, necesitan una atenci\u00f3n y seguimiento de dicho especialista.<\/p>\n\n\n\n<figure class=\"wp-block-audio\"><audio controls src=\"https:\/\/cosladapre.toools.es\/educacion-y-deportes\/wp-content\/uploads\/sites\/13\/2023\/06\/Ivan-Lopez-servicio-enfermeria-Coslada-Juega.mp3\"><\/audio><figcaption>Iv\u00e1n-L\u00f3pez-servicio-enfermer\u00eda-Coslada-Juega<\/figcaption><\/figure>\n\n\n\n<p><strong><u>Acogida y comedor<\/u><\/strong><\/p>\n\n\n\n<p>&nbsp;&nbsp;&nbsp;&nbsp;&nbsp;&nbsp;&nbsp;&nbsp;&nbsp;&nbsp;&nbsp; Coslada Juega sigue ofreciendo los <strong>servicios de acogida y comedor<\/strong> para quien lo desee. Estos son los horarios y plazas:<\/p>\n\n\n\n<ul class=\"wp-block-list\"><li>De 7 a 16 horas (acogida con desayuno, actividad y comedor): 990 plazas.<\/li><li>De 8 a 16 horas (actividad y comedor): 2.025 plazas.<\/li><li>De 9 a 14 horas (actividad): 1.620 plazas.<\/li><\/ul>\n\n\n\n<p><strong>&nbsp;&nbsp;&nbsp;&nbsp;&nbsp;&nbsp;&nbsp;&nbsp; Este verano la totalidad de las plazas se distribuyen en 4 colegios del municipio. <\/strong>Aquellos barrios en los que no se ha podido realizar el programa Coslada Juega, ha sido debido a que los centros educativos de dichas zonas est\u00e1n inmersos en obras de mantenimiento para mejorar la eficiencia energ\u00e9tica de los edificios.<\/p>\n\n\n\n<p><strong>&nbsp;&nbsp;&nbsp;&nbsp;&nbsp;&nbsp;&nbsp;&nbsp; Del 26 de junio al 28 de julio<\/strong> tendr\u00e1n apertura los siguientes centros educativos:<\/p>\n\n\n\n<ul class=\"wp-block-list\"><li>CEIP. El Olivo.<\/li><li>CEIP. Gonzalo de Berceo.<\/li><li>CEIP. Torres Quevedo.<\/li><li>CEIP. William Shakespeare.<\/li><\/ul>\n\n\n\n<p><strong>Del 31 de julio al 1 de septiembre<\/strong> el programa se desarrollar\u00e1 en el CEIP. Gonzalo de Berceo y CEIP. William Shakespeare.<\/p>\n\n\n\n<p><strong><u>Necesidades especiales<\/u><\/strong><\/p>\n\n\n\n<p>El programa dispone de plazas reservadas para alumnos\/as con necesidades educativas especiales. Concretamente se han recibido once peticiones, de las cuales, <strong>seis corresponden a participantes que dispondr\u00e1n de un profesional especializado en educaci\u00f3n especial para trabajar individualmente con ellos<\/strong> a lo largo de las diez semanas de actividad. Los otros cinco ni\u00f1os\/as recibir\u00e1n apoyo compartido dentro del propio grupo en el que se integrar\u00e1n y participar\u00e1n con el resto de ni\u00f1os y ni\u00f1as.<\/p>\n\n\n\n<p>El programa tambi\u00e9n dispone de plazas para alumnos\/as, que seg\u00fan requisitos de la Consejer\u00eda de Educaci\u00f3n pueden hacer uso del servicio de comedor con car\u00e1cter gratuito. Son un total de <strong>330 plazas las ocupadas con la gratuidad del servicio de comedor.<\/strong><strong><\/strong><\/p>\n\n\n\n<p><strong><u>Colegio San Esteban<\/u><\/strong><\/p>\n\n\n\n<p>Sobre el campamento del colegio San Esteban del Barrio de la Estaci\u00f3n (que se organiza con el patrocinio de la Fundaci\u00f3n Grifols), este curso se va a realizar en el colegio Rosal\u00eda de Castro, debido a las obras de adaptaci\u00f3n de aulas para 0-3 a\u00f1os que va a realizar la Consejer\u00eda de Educaci\u00f3n en el centro. Se&nbsp; va a trasladar a los\/las participantes en autob\u00fas desde el Barrio de la Estaci\u00f3n al colegio (ida y vuelta). Ser\u00e1n 56 ni\u00f1os y ni\u00f1as los que participen en este campamento.<\/p>\n\n\n\n<p>El concejal de Educaci\u00f3n, <strong>Iv\u00e1n L\u00f3pez<\/strong>, ha se\u00f1alado a este respecto que <strong><em>\u00abel colegio San Esteban y el Barrio de la Estaci\u00f3n es una zona en la que desde el Ayuntamiento estamos haciendo un importante esfuerzo transversal para lograr atajar fen\u00f3menos como el del absentismo escolar y lograr una mayor inclusi\u00f3n social propiciando las relaciones entre los vecinos y vecinas \u00ab.<\/em><\/strong><\/p>\n\n\n\n<figure class=\"wp-block-audio\"><audio controls src=\"https:\/\/cosladapre.toools.es\/educacion-y-deportes\/wp-content\/uploads\/sites\/13\/2023\/06\/Ivan-Lopez-campamento-CEIP-San-Esteban.mp3\"><\/audio><figcaption>Iv\u00e1n-L\u00f3pez-campamento-CEIP-San-Esteban<\/figcaption><\/figure>\n\n\n\n<figure class=\"wp-block-gallery has-nested-images columns-default is-cropped wp-block-gallery-1 is-layout-flex wp-block-gallery-is-layout-flex\">\n<figure class=\"wp-block-image size-large\"><img loading=\"lazy\" decoding=\"async\" width=\"1024\" height=\"698\" data-id=\"3412\" src=\"https:\/\/cosladapre.toools.es\/educacion-y-deportes\/wp-content\/uploads\/sites\/13\/2023\/06\/RP-COSLADA-JUEGA-2-1024x698.jpg\" alt=\"\" class=\"wp-image-3412\" srcset=\"https:\/\/cosladapre.toools.es\/educacion\/wp-content\/uploads\/sites\/13\/2023\/06\/RP-COSLADA-JUEGA-2-1024x698.jpg 1024w, https:\/\/cosladapre.toools.es\/educacion\/wp-content\/uploads\/sites\/13\/2023\/06\/RP-COSLADA-JUEGA-2-300x204.jpg 300w, https:\/\/cosladapre.toools.es\/educacion\/wp-content\/uploads\/sites\/13\/2023\/06\/RP-COSLADA-JUEGA-2-768x523.jpg 768w, https:\/\/cosladapre.toools.es\/educacion\/wp-content\/uploads\/sites\/13\/2023\/06\/RP-COSLADA-JUEGA-2-474x324.jpg 474w, https:\/\/cosladapre.toools.es\/educacion\/wp-content\/uploads\/sites\/13\/2023\/06\/RP-COSLADA-JUEGA-2-1536x1047.jpg 1536w, https:\/\/cosladapre.toools.es\/educacion\/wp-content\/uploads\/sites\/13\/2023\/06\/RP-COSLADA-JUEGA-2-2048x1396.jpg 2048w, https:\/\/cosladapre.toools.es\/educacion\/wp-content\/uploads\/sites\/13\/2023\/06\/RP-COSLADA-JUEGA-2-274x187.jpg 274w, https:\/\/cosladapre.toools.es\/educacion\/wp-content\/uploads\/sites\/13\/2023\/06\/RP-COSLADA-JUEGA-2-1500x1022.jpg 1500w, https:\/\/cosladapre.toools.es\/educacion\/wp-content\/uploads\/sites\/13\/2023\/06\/RP-COSLADA-JUEGA-2-1320x900.jpg 1320w\" sizes=\"auto, (max-width: 1024px) 100vw, 1024px\" \/><\/figure>\n\n\n\n<figure class=\"wp-block-image size-large\"><img loading=\"lazy\" decoding=\"async\" width=\"1024\" height=\"722\" data-id=\"3413\" src=\"https:\/\/cosladapre.toools.es\/educacion-y-deportes\/wp-content\/uploads\/sites\/13\/2023\/06\/RP-COSLADA-JUEGA-3-1024x722.jpg\" alt=\"\" class=\"wp-image-3413\" srcset=\"https:\/\/cosladapre.toools.es\/educacion\/wp-content\/uploads\/sites\/13\/2023\/06\/RP-COSLADA-JUEGA-3-1024x722.jpg 1024w, https:\/\/cosladapre.toools.es\/educacion\/wp-content\/uploads\/sites\/13\/2023\/06\/RP-COSLADA-JUEGA-3-300x211.jpg 300w, https:\/\/cosladapre.toools.es\/educacion\/wp-content\/uploads\/sites\/13\/2023\/06\/RP-COSLADA-JUEGA-3-768x541.jpg 768w, https:\/\/cosladapre.toools.es\/educacion\/wp-content\/uploads\/sites\/13\/2023\/06\/RP-COSLADA-JUEGA-3-1536x1083.jpg 1536w, https:\/\/cosladapre.toools.es\/educacion\/wp-content\/uploads\/sites\/13\/2023\/06\/RP-COSLADA-JUEGA-3-2048x1443.jpg 2048w, https:\/\/cosladapre.toools.es\/educacion\/wp-content\/uploads\/sites\/13\/2023\/06\/RP-COSLADA-JUEGA-3-265x187.jpg 265w, https:\/\/cosladapre.toools.es\/educacion\/wp-content\/uploads\/sites\/13\/2023\/06\/RP-COSLADA-JUEGA-3-1500x1057.jpg 1500w, https:\/\/cosladapre.toools.es\/educacion\/wp-content\/uploads\/sites\/13\/2023\/06\/RP-COSLADA-JUEGA-3-1320x930.jpg 1320w\" sizes=\"auto, (max-width: 1024px) 100vw, 1024px\" \/><\/figure>\n<\/figure>\n\n\n\n<p><\/p>\n","protected":false},"excerpt":{"rendered":"<p>Este programa de ocio educativo contar\u00e1 con servicio de enfermer\u00eda El concejal de Educaci\u00f3n del Ayuntamiento de Coslada, Iv\u00e1n L\u00f3pez, ha presentado el programa Coslada Juega en Verano de este a\u00f1o 2023, en el que se han recibido 1.100 solicitudes, que ocupar\u00e1n 4.635 plazas del total ofertadas, que han sido 5.250. Se ha podido atender&hellip; <a class=\"continue\" href=\"https:\/\/cosladapre.toools.es\/educacion\/2023\/06\/15\/el-ayuntamiento-ha-atendido-todas-las-peticiones-recibidas-para-participar-en-el-coslada-juega-en-verano\/\">Seguir leyendo<span> El Ayuntamiento ha atendido todas las peticiones recibidas para participar en el Coslada Juega en Verano<\/span><\/a><\/p>\n","protected":false},"author":152,"featured_media":3411,"comment_status":"closed","ping_status":"closed","sticky":false,"template":"","format":"standard","meta":{"ngg_post_thumbnail":0,"footnotes":""},"categories":[1],"tags":[],"class_list":["post-3409","post","type-post","status-publish","format-standard","has-post-thumbnail","hentry","category-sin-categoria"],"publishpress_future_action":{"enabled":false,"date":"2026-05-04 22:48:16","action":"change-status","newStatus":"draft","terms":[],"taxonomy":"category","extraData":[]},"publishpress_future_workflow_manual_trigger":{"enabledWorkflows":[]},"_links":{"self":[{"href":"https:\/\/cosladapre.toools.es\/educacion\/wp-json\/wp\/v2\/posts\/3409","targetHints":{"allow":["GET"]}}],"collection":[{"href":"https:\/\/cosladapre.toools.es\/educacion\/wp-json\/wp\/v2\/posts"}],"about":[{"href":"https:\/\/cosladapre.toools.es\/educacion\/wp-json\/wp\/v2\/types\/post"}],"author":[{"embeddable":true,"href":"https:\/\/cosladapre.toools.es\/educacion\/wp-json\/wp\/v2\/users\/152"}],"replies":[{"embeddable":true,"href":"https:\/\/cosladapre.toools.es\/educacion\/wp-json\/wp\/v2\/comments?post=3409"}],"version-history":[{"count":1,"href":"https:\/\/cosladapre.toools.es\/educacion\/wp-json\/wp\/v2\/posts\/3409\/revisions"}],"predecessor-version":[{"id":3417,"href":"https:\/\/cosladapre.toools.es\/educacion\/wp-json\/wp\/v2\/posts\/3409\/revisions\/3417"}],"wp:featuredmedia":[{"embeddable":true,"href":"https:\/\/cosladapre.toools.es\/educacion\/wp-json\/wp\/v2\/media\/3411"}],"wp:attachment":[{"href":"https:\/\/cosladapre.toools.es\/educacion\/wp-json\/wp\/v2\/media?parent=3409"}],"wp:term":[{"taxonomy":"category","embeddable":true,"href":"https:\/\/cosladapre.toools.es\/educacion\/wp-json\/wp\/v2\/categories?post=3409"},{"taxonomy":"post_tag","embeddable":true,"href":"https:\/\/cosladapre.toools.es\/educacion\/wp-json\/wp\/v2\/tags?post=3409"}],"curies":[{"name":"wp","href":"https:\/\/api.w.org\/{rel}","templated":true}]}}