{"id":1141,"date":"2019-10-03T00:00:00","date_gmt":"2019-10-03T00:00:00","guid":{"rendered":"https:\/\/cosladapre.toools.es\/educacion-y-deportes\/2019\/10\/03\/el-smartbus-compartesinarriesgarte-complemento-perfecto-del-programa-conecta-con-cabeza-del-area-de-salud-de-coslada\/"},"modified":"2019-10-03T00:00:00","modified_gmt":"2019-10-03T00:00:00","slug":"el-smartbus-compartesinarriesgarte-complemento-perfecto-del-programa-conecta-con-cabeza-del-area-de-salud-de-coslada","status":"publish","type":"post","link":"https:\/\/cosladapre.toools.es\/educacion\/2019\/10\/03\/el-smartbus-compartesinarriesgarte-complemento-perfecto-del-programa-conecta-con-cabeza-del-area-de-salud-de-coslada\/","title":{"rendered":"El smartbus #ComparteSinArriesgarte, complemento perfecto del programa Conecta con cabeza, del \u00e1rea de Salud de Coslada"},"content":{"rendered":"<p>Las<b> nuevas tecnolog\u00edas<\/b>,<br \/>\nsin duda alguna, reportan grandes beneficios para la sociedad actual. Sin<br \/>\nembargo, junto a esa parte positiva que deriva de ellas, tambi\u00e9n se dan <b>otros aspectos<br \/>\nque son negativos <\/b>desde diferentes puntos de vista. <\/p>\n<p>Entre los colectivos m\u00e1s vulnerables se<br \/>\nencuentra el de los <b>j\u00f3venes<\/b>, en particular aquellos que est\u00e1n considerados<br \/>\n<b>nativos digitales.<\/b> En ellos, el mayor riesgo deriva del<b> uso que hacen y<br \/>\ndel tiempo que dedican <\/b>a estar conectados en cualquiera de los soportes,<br \/>\nversiones y modalidades de las NNTT.<\/p>\n<p>Por ello, con el objetivo de tratar de ense\u00f1arles <b>c\u00f3mo<br \/>\nse puede hacer un uso racional y adecuado,<\/b> la Concejal\u00eda de <b>Salud<\/b> del<br \/>\nAyuntamiento de <b>Coslada <\/b>ha puesto en marcha<b><i> Conecta con Cabeza<\/i><\/b>. Se<br \/>\ntrata de un programa de prevenci\u00f3n, detecci\u00f3n e intervenci\u00f3n en situaci\u00f3n de<br \/>\nriesgo y\/o adicci\u00f3n a las tecnolog\u00edas. <\/p>\n<p>Esta iniciativa<br \/>\nse inici\u00f3 el curso pasado con resultados m\u00e1s que interesantes, de ah\u00ed que<br \/>\nrepita en este 2019-2020 con la vista puesta en todos los actores implicados,<br \/>\nes decir, los propios <b>j\u00f3venes, sus familias y los expertos y<br \/>\nespecialistas<\/b> que les ayudar\u00e1n a superar estas situaciones. <\/p>\n<p><b><u><\/p>\n<p>Colegios e institutos<\/u><\/b><\/p>\n<p>Una de las novedades de este curso es que, en el marco<br \/>\ndel proyecto, esta semana ha visitado Coslada el<i> smartbus<\/i> de <b>Huawei Espa\u00f1a<\/b>,<br \/>\nque ha trabajado en las \u00faltimas horas con alumnos y alumnas de centros<br \/>\neducativos de Coslada en lo que es una experiencia piloto.<\/p>\n<p>Precisamente,<br \/>\nla concejala de Salud, Consumo y Bienestar Animal,<b> Rosa Mart\u00ednez<\/b>, aprovech\u00f3<br \/>\npara visitar ayer el <i>smartbus <b>#ComparteSinArriesgarte<\/b><\/i> junto con<br \/>\nestudiantes del IES Mar\u00eda Moliner (tambi\u00e9n participaron los CEIP Alfredo<br \/>\nLanda y Pablo Neruda). <\/p>\n<p>A su juicio, esta actividad <b><i>\u201cpor desgracia, se ha convertido en<br \/>\nuna necesidad, de ah\u00ed que sea toda una oportunidad a la hora de trabajar por la<br \/>\nprevenci\u00f3n con esta tem\u00e1tica desde edades bien tempranas\u201d<\/i><\/b>. Para la<br \/>\nedil, adem\u00e1s, <b><i>\u201cse trata de un complemento perfecto para nuestro programa Conecta<br \/>\ncon cabeza\u201d.<\/i><\/b><\/p>\n<\/p>\n<figure class=\"wp-block-image size-full\"><img decoding=\"async\" src=\"\/wp-content\/uploads\/2021\/10\/smartbus-colegios-coslada-4.jpg\" alt=\"smartbus-colegios-coslada-4\" class=\"wp-image-9\"\/><\/figure>\n<figure class=\"wp-block-image size-full\"><img decoding=\"async\" src=\"\/wp-content\/uploads\/2021\/10\/smartbus-colegios-coslada-3.jpg\" alt=\"smartbus-colegios-coslada-3\" class=\"wp-image-9\"\/><\/figure>\n<figure class=\"wp-block-image size-full\"><img decoding=\"async\" src=\"\/wp-content\/uploads\/2021\/10\/smartbus-colegios-coslada.jpg\" alt=\"smartbus-colegios-coslada\" class=\"wp-image-9\"\/><\/figure>\n<figure class=\"wp-block-image size-full\"><img decoding=\"async\" src=\"\/wp-content\/uploads\/2021\/10\/smartbus-colegios-coslada-2.jpg\" alt=\"smartbus-colegios-coslada-2\" class=\"wp-image-9\"\/><\/figure>\n","protected":false},"excerpt":{"rendered":"<p>Las nuevas tecnolog\u00edas, sin duda alguna, reportan grandes beneficios para la sociedad actual. Sin embargo, junto a esa parte positiva que deriva de ellas, tambi\u00e9n se dan otros aspectos que son negativos desde diferentes puntos de vista. Entre los colectivos m\u00e1s vulnerables se encuentra el de los j\u00f3venes, en particular aquellos que est\u00e1n considerados nativos&hellip; <a class=\"continue\" href=\"https:\/\/cosladapre.toools.es\/educacion\/2019\/10\/03\/el-smartbus-compartesinarriesgarte-complemento-perfecto-del-programa-conecta-con-cabeza-del-area-de-salud-de-coslada\/\">Seguir leyendo<span> El smartbus #ComparteSinArriesgarte, complemento perfecto del programa Conecta con cabeza, del \u00e1rea de Salud de Coslada<\/span><\/a><\/p>\n","protected":false},"author":1,"featured_media":0,"comment_status":"open","ping_status":"open","sticky":false,"template":"","format":"standard","meta":{"ngg_post_thumbnail":0,"footnotes":""},"categories":[1],"tags":[],"class_list":["post-1141","post","type-post","status-publish","format-standard","hentry","category-sin-categoria"],"publishpress_future_action":{"enabled":false,"date":"2026-05-07 23:20:17","action":"change-status","newStatus":"draft","terms":[],"taxonomy":"category","extraData":[]},"publishpress_future_workflow_manual_trigger":{"enabledWorkflows":[]},"_links":{"self":[{"href":"https:\/\/cosladapre.toools.es\/educacion\/wp-json\/wp\/v2\/posts\/1141","targetHints":{"allow":["GET"]}}],"collection":[{"href":"https:\/\/cosladapre.toools.es\/educacion\/wp-json\/wp\/v2\/posts"}],"about":[{"href":"https:\/\/cosladapre.toools.es\/educacion\/wp-json\/wp\/v2\/types\/post"}],"author":[{"embeddable":true,"href":"https:\/\/cosladapre.toools.es\/educacion\/wp-json\/wp\/v2\/users\/1"}],"replies":[{"embeddable":true,"href":"https:\/\/cosladapre.toools.es\/educacion\/wp-json\/wp\/v2\/comments?post=1141"}],"version-history":[{"count":0,"href":"https:\/\/cosladapre.toools.es\/educacion\/wp-json\/wp\/v2\/posts\/1141\/revisions"}],"wp:attachment":[{"href":"https:\/\/cosladapre.toools.es\/educacion\/wp-json\/wp\/v2\/media?parent=1141"}],"wp:term":[{"taxonomy":"category","embeddable":true,"href":"https:\/\/cosladapre.toools.es\/educacion\/wp-json\/wp\/v2\/categories?post=1141"},{"taxonomy":"post_tag","embeddable":true,"href":"https:\/\/cosladapre.toools.es\/educacion\/wp-json\/wp\/v2\/tags?post=1141"}],"curies":[{"name":"wp","href":"https:\/\/api.w.org\/{rel}","templated":true}]}}