{"id":1135,"date":"2019-10-24T00:00:00","date_gmt":"2019-10-24T00:00:00","guid":{"rendered":"https:\/\/cosladapre.toools.es\/educacion-y-deportes\/2019\/10\/24\/arrancan-con-exito-de-participacion-las-jornadas-de-buenas-practicas-de-convivencia-escolar-de-coslada\/"},"modified":"2019-10-24T00:00:00","modified_gmt":"2019-10-24T00:00:00","slug":"arrancan-con-exito-de-participacion-las-jornadas-de-buenas-practicas-de-convivencia-escolar-de-coslada","status":"publish","type":"post","link":"https:\/\/cosladapre.toools.es\/educacion\/2019\/10\/24\/arrancan-con-exito-de-participacion-las-jornadas-de-buenas-practicas-de-convivencia-escolar-de-coslada\/","title":{"rendered":"Arrancan con \u00e9xito de participaci\u00f3n las Jornadas de Buenas Pr\u00e1cticas de Convivencia Escolar de Coslada"},"content":{"rendered":"<p>Con destacada presencia de<br \/>\nt\u00e9cnicos y especialistas de entidades p\u00fablicas y privadas, a primera hora de<br \/>\nesta ma\u00f1ana han arrancado en el <b>Caf\u00e9 Teatro del Centro Cultural Margarita<br \/>\nNelken<\/b> de Coslada las<i> Jornadas de Buenas Pr\u00e1cticas de Convivencia<br \/>\nEscolar<\/i>. <\/p>\n<p>La inauguraci\u00f3n, en la que tambi\u00e9n han estado<br \/>\npresentes el edil de Participaci\u00f3n Ciudadana, Cooperaci\u00f3n y Atenci\u00f3n a la<br \/>\nCiudadan\u00eda, <b>Agust\u00edn Gonz\u00e1lez<\/b>, y el director del \u00c1rea Territorial Este de<br \/>\nla Consejer\u00eda de Educaci\u00f3n, <b>Jorge El\u00edas de la Pe\u00f1a<\/b>, ha corrido a cargo<br \/>\ndel concejal de Educaci\u00f3n, Juventud e Infancia, <b>Iv\u00e1n L\u00f3pez<\/b>. <\/p>\n<p>Durante su alocuci\u00f3n, el responsable municipal en<br \/>\nmateria de Educaci\u00f3n ha llamado la atenci\u00f3n acerca de la <b><i>\u201cimportancia de<br \/>\nimpulsar principios de convivencia democr\u00e1tica en el seno de las instituciones<br \/>\neducativas, porque, sin duda alguna, de esto acabar\u00e1 benefici\u00e1ndose la sociedad<br \/>\nen general\u201d. <\/i><\/b><\/p>\n<p><u><b><\/p>\n<p>Refuerzo educativo<\/b><\/u><\/p>\n<p><b><\/p>\n<p>Iv\u00e1n L\u00f3pez <\/b>tambi\u00e9n ha<br \/>\nsubrayado que<b><i> \u201cel Ayuntamiento de Coslada, en los \u00faltimos dos a\u00f1os, ha<br \/>\nreforzado el papel de la calidad de la educaci\u00f3n como lo demuestra la puesta en<br \/>\nmarcha del Plan de Convivencia Escolar \u2018CosladaConvive\u2019, aprobado en el pleno<br \/>\nmunicipal celebrado el 23 de octubre de 2017\u201d<\/i><\/b>. <\/p>\n<p>Sobre<br \/>\nesto, el concejal ha recordado que <b><i>\u201cuna iniciativa de estas<br \/>\ncaracter\u00edsticas se articula teniendo en cuenta los principios de colaboraci\u00f3n y<br \/>\ndi\u00e1logo con todas las partes implicadas en su implementaci\u00f3n\u201d<\/i><\/b>, de ah\u00ed<br \/>\nque, a su juicio, <b><i>\u201cadquieran mayor relevancia Jornadas como esta o la<br \/>\nGu\u00eda que hemos preparado desde el Ayuntamiento para las AMPAS de nuestra<br \/>\nciudad\u201d<\/i><\/b>. <\/p>\n<p>Precisamente,<br \/>\nen el \u2018<i>CosladaConvive<\/i>\u2019 se prev\u00e9 la organizaci\u00f3n anual de una<br \/>\njornadas de car\u00e1cter t\u00e9cnico, que son las que hoy se est\u00e1n desarrollando en el<br \/>\nCentro Cultural Margarita Nelken. <\/p>\n<p>A lo largo<br \/>\nde la ma\u00f1ana, expertos en la materia abordan diferentes tem\u00e1ticas, al tiempo<br \/>\nque se llevar\u00e1 a cabo el intercambio de experiencias entre los<br \/>\nparticipantes procedentes de otras administraciones y entidades. <\/p>\n<p>Ya por la tarde, en el mismo <b>Caf\u00e9 Teatro del Centro Cultural Margarita Nelken <\/b>tendr\u00e1<br \/>\nlugar la puesta de largo de la <b>Gu\u00eda dirigida a las AMPAS de Coslada <\/b>y que ser\u00e1<br \/>\npresentada p\u00fablicamente en pr\u00f3ximos d\u00edas. <\/p>\n<\/p>\n<figure class=\"wp-block-image size-full\"><img decoding=\"async\" src=\"\/wp-content\/uploads\/2021\/10\/jornadas-educacion-38.jpg\" alt=\"jornadas-educacion-38\" class=\"wp-image-9\"\/><\/figure>\n<figure class=\"wp-block-image size-full\"><img decoding=\"async\" src=\"\/wp-content\/uploads\/2021\/10\/jornadas-educacion-42.jpg\" alt=\"jornadas-educacion-42\" class=\"wp-image-9\"\/><\/figure>\n","protected":false},"excerpt":{"rendered":"<p>Con destacada presencia de t\u00e9cnicos y especialistas de entidades p\u00fablicas y privadas, a primera hora de esta ma\u00f1ana han arrancado en el Caf\u00e9 Teatro del Centro Cultural Margarita Nelken de Coslada las Jornadas de Buenas Pr\u00e1cticas de Convivencia Escolar. La inauguraci\u00f3n, en la que tambi\u00e9n han estado presentes el edil de Participaci\u00f3n Ciudadana, Cooperaci\u00f3n y&hellip; <a class=\"continue\" href=\"https:\/\/cosladapre.toools.es\/educacion\/2019\/10\/24\/arrancan-con-exito-de-participacion-las-jornadas-de-buenas-practicas-de-convivencia-escolar-de-coslada\/\">Seguir leyendo<span> Arrancan con \u00e9xito de participaci\u00f3n las Jornadas de Buenas Pr\u00e1cticas de Convivencia Escolar de Coslada<\/span><\/a><\/p>\n","protected":false},"author":1,"featured_media":0,"comment_status":"open","ping_status":"open","sticky":false,"template":"","format":"standard","meta":{"ngg_post_thumbnail":0,"footnotes":""},"categories":[1],"tags":[],"class_list":["post-1135","post","type-post","status-publish","format-standard","hentry","category-sin-categoria"],"publishpress_future_action":{"enabled":false,"date":"2026-05-07 22:21:27","action":"change-status","newStatus":"draft","terms":[],"taxonomy":"category","extraData":[]},"publishpress_future_workflow_manual_trigger":{"enabledWorkflows":[]},"_links":{"self":[{"href":"https:\/\/cosladapre.toools.es\/educacion\/wp-json\/wp\/v2\/posts\/1135","targetHints":{"allow":["GET"]}}],"collection":[{"href":"https:\/\/cosladapre.toools.es\/educacion\/wp-json\/wp\/v2\/posts"}],"about":[{"href":"https:\/\/cosladapre.toools.es\/educacion\/wp-json\/wp\/v2\/types\/post"}],"author":[{"embeddable":true,"href":"https:\/\/cosladapre.toools.es\/educacion\/wp-json\/wp\/v2\/users\/1"}],"replies":[{"embeddable":true,"href":"https:\/\/cosladapre.toools.es\/educacion\/wp-json\/wp\/v2\/comments?post=1135"}],"version-history":[{"count":0,"href":"https:\/\/cosladapre.toools.es\/educacion\/wp-json\/wp\/v2\/posts\/1135\/revisions"}],"wp:attachment":[{"href":"https:\/\/cosladapre.toools.es\/educacion\/wp-json\/wp\/v2\/media?parent=1135"}],"wp:term":[{"taxonomy":"category","embeddable":true,"href":"https:\/\/cosladapre.toools.es\/educacion\/wp-json\/wp\/v2\/categories?post=1135"},{"taxonomy":"post_tag","embeddable":true,"href":"https:\/\/cosladapre.toools.es\/educacion\/wp-json\/wp\/v2\/tags?post=1135"}],"curies":[{"name":"wp","href":"https:\/\/api.w.org\/{rel}","templated":true}]}}