{"id":1134,"date":"2019-10-28T00:00:00","date_gmt":"2019-10-28T00:00:00","guid":{"rendered":"https:\/\/cosladapre.toools.es\/educacion-y-deportes\/2019\/10\/28\/la-ciudad-recibe-la-visita-de-una-delegacion-internacional-del-proyecto-unicorn\/"},"modified":"2019-10-28T00:00:00","modified_gmt":"2019-10-28T00:00:00","slug":"la-ciudad-recibe-la-visita-de-una-delegacion-internacional-del-proyecto-unicorn","status":"publish","type":"post","link":"https:\/\/cosladapre.toools.es\/educacion\/2019\/10\/28\/la-ciudad-recibe-la-visita-de-una-delegacion-internacional-del-proyecto-unicorn\/","title":{"rendered":"La ciudad recibe la visita de una delegaci\u00f3n internacional del proyecto UNICORN"},"content":{"rendered":"<p>Si el pasado jueves 17 de<br \/>\noctubre el alcalde, <b>\u00c1ngel Viveros<\/b>, manten\u00eda un encuentro de trabajo con<br \/>\nresponsables de la <b>Universidad Complutense<\/b> en el marco del<b> proyecto UNICORN <\/b>(<i>Uni-CO-leaRN<br \/>\nUniversity-Community-Learning<\/i>) del que Coslada es la <b>\u00fanica ciudad espa\u00f1ola<br \/>\n<\/b>que forma parte, estos d\u00edas el municipio recibi\u00f3 la visita de una<b> delegaci\u00f3n<br \/>\ninternacional<\/b> de representantes de las universidades, ciudades y entidades<br \/>\nde diferentes pa\u00edses que tambi\u00e9n participan en el programa.<\/p>\n<p>El encargado de darles la bienvenida a Coslada ha sido el concejal de Educaci\u00f3n,<br \/>\n<b>Iv\u00e1n L\u00f3pez<\/b>, quien les dese\u00f3 <b><i>\u201cuna feliz y fruct\u00edfera estancia en<br \/>\nnuestro municipio\u201d.<\/i><\/b> <\/p>\n<p>Cabe recordar que forman parte de UNICORN, adem\u00e1s de Coslada, el<b> Ayuntamiento<br \/>\nde Cork<\/b> (Irlanda), la empresa p\u00fablica <b>ASP Censa Valle Savio, de Cesena <\/b>(Italia)<br \/>\ny la <b>ONG Forikolo, de Leizpig<\/b> (Alemania). Tambi\u00e9n las universidades<br \/>\nde <b>Alma Mater de Bolonia <\/b>(Italia) que l\u00edder del proyecto;<br \/>\n<b>Antwerpen, Amberes<\/b> (B\u00e9lgica); <b>Complutense <\/b>(Madrid), <b>Leizpig <\/b>(Alemania),<br \/>\n<b>College Cork<\/b> (Irlanda) y la de <b>Pretoria <\/b>(Sud\u00e1frica). <\/p>\n<p><b><u><\/p>\n<p>Experiencia de<br \/>\nCoslada en ApS<\/u><\/b><\/p>\n<p>La ciudad de Coslada se integra en este proyecto gracias a <b><i>\u201cnuestra<br \/>\nexperiencia, contrastada ya a nivel internacional en iniciativas encuadradas en<br \/>\nel Aprendizaje y Servicio, lo que qued\u00f3 tambi\u00e9n plasmado en el acuerdo que<br \/>\nfirmamos con la Universidad Complutense hace ahora un a\u00f1o\u201d<\/i><\/b>, record\u00f3 Iv\u00e1n<br \/>\nL\u00f3pez. <\/p>\n<p><b><i><\/p>\n<p>\u201cNuestro prop\u00f3sito es hacer una conexi\u00f3n<br \/>\nbeneficiosa para todos, de los estudiantes que lleguen a nuestro entorno<br \/>\nprocedentes de otros pa\u00edses, y su participaci\u00f3n en proyectos ApS que tenemos en<br \/>\nmarcha en Coslada\u201d<\/i><\/b>, a\u00f1adi\u00f3. <\/p>\n<p>A trav\u00e9s de UNICORN, las entidades participantes<br \/>\nbuscan articular y poner en funcionamiento un <b>nuevo sistema de movilidad<\/b> para<br \/>\nlas y los estudiantes europeos que vaya m\u00e1s all\u00e1 del <b>programa Erasmus<\/b>.<\/p>\n<p>De este modo y partiendo de la movilidad<br \/>\ninternacional, UNICORN trabaja para que los alumnos universitarios <b>complementen<br \/>\ny completen su formaci\u00f3n superior <\/b>en el extranjero con acciones de las que<br \/>\ntambi\u00e9n se beneficie la comunidad en la que se encuentran, de ah\u00ed el<br \/>\n<b>Aprendizaje Servicio. <\/b><\/p>\n<p>Este programa internacional tambi\u00e9n<br \/>\naboga por el apoyo a <b>pedagog\u00edas nuevas e innovadoras<\/b> que no obvien, en<br \/>\nel marco de las necesidades sociales, las propias que presenta el colectivo<br \/>\nestudiantil para su incorporaci\u00f3n al mercado laboral.<\/p>\n<p>Durante la visita realizada a Coslada y que form\u00f3 parte de la reuni\u00f3n que las universidades, entidades y ayuntamientos que<br \/>\ncomponen UNICORN han celebrado en Madrid y que ha sido la primera de<br \/>\neste selecto grupo, los participantes pudieron conocer de primera mano el <b>Jard\u00edn Terap\u00e9utico &#8216;Los Sentidos&#8217;, <\/b>una infraestructura pionera a nivel nacional. <\/p>\n<\/p>\n<figure class=\"wp-block-image size-full\"><img decoding=\"async\" src=\"\/wp-content\/uploads\/2021\/10\/visita-delegacion-unicorn-2.jpg\" alt=\"visita-delegacion-unicorn-2\" class=\"wp-image-9\"\/><\/figure>\n<figure class=\"wp-block-image size-full\"><img decoding=\"async\" src=\"\/wp-content\/uploads\/2021\/10\/visita-delegacion-unicorn.jpg\" alt=\"visita-delegacion-unicorn\" class=\"wp-image-9\"\/><\/figure>\n","protected":false},"excerpt":{"rendered":"<p>Si el pasado jueves 17 de octubre el alcalde, \u00c1ngel Viveros, manten\u00eda un encuentro de trabajo con responsables de la Universidad Complutense en el marco del proyecto UNICORN (Uni-CO-leaRN University-Community-Learning) del que Coslada es la \u00fanica ciudad espa\u00f1ola que forma parte, estos d\u00edas el municipio recibi\u00f3 la visita de una delegaci\u00f3n internacional de representantes de&hellip; <a class=\"continue\" href=\"https:\/\/cosladapre.toools.es\/educacion\/2019\/10\/28\/la-ciudad-recibe-la-visita-de-una-delegacion-internacional-del-proyecto-unicorn\/\">Seguir leyendo<span> La ciudad recibe la visita de una delegaci\u00f3n internacional del proyecto UNICORN<\/span><\/a><\/p>\n","protected":false},"author":1,"featured_media":0,"comment_status":"open","ping_status":"open","sticky":false,"template":"","format":"standard","meta":{"ngg_post_thumbnail":0,"footnotes":""},"categories":[1],"tags":[],"class_list":["post-1134","post","type-post","status-publish","format-standard","hentry","category-sin-categoria"],"publishpress_future_action":{"enabled":false,"date":"2026-05-07 22:13:17","action":"change-status","newStatus":"draft","terms":[],"taxonomy":"category","extraData":[]},"publishpress_future_workflow_manual_trigger":{"enabledWorkflows":[]},"_links":{"self":[{"href":"https:\/\/cosladapre.toools.es\/educacion\/wp-json\/wp\/v2\/posts\/1134","targetHints":{"allow":["GET"]}}],"collection":[{"href":"https:\/\/cosladapre.toools.es\/educacion\/wp-json\/wp\/v2\/posts"}],"about":[{"href":"https:\/\/cosladapre.toools.es\/educacion\/wp-json\/wp\/v2\/types\/post"}],"author":[{"embeddable":true,"href":"https:\/\/cosladapre.toools.es\/educacion\/wp-json\/wp\/v2\/users\/1"}],"replies":[{"embeddable":true,"href":"https:\/\/cosladapre.toools.es\/educacion\/wp-json\/wp\/v2\/comments?post=1134"}],"version-history":[{"count":0,"href":"https:\/\/cosladapre.toools.es\/educacion\/wp-json\/wp\/v2\/posts\/1134\/revisions"}],"wp:attachment":[{"href":"https:\/\/cosladapre.toools.es\/educacion\/wp-json\/wp\/v2\/media?parent=1134"}],"wp:term":[{"taxonomy":"category","embeddable":true,"href":"https:\/\/cosladapre.toools.es\/educacion\/wp-json\/wp\/v2\/categories?post=1134"},{"taxonomy":"post_tag","embeddable":true,"href":"https:\/\/cosladapre.toools.es\/educacion\/wp-json\/wp\/v2\/tags?post=1134"}],"curies":[{"name":"wp","href":"https:\/\/api.w.org\/{rel}","templated":true}]}}