{"id":1037,"date":"2021-09-16T00:00:00","date_gmt":"2021-09-16T00:00:00","guid":{"rendered":"https:\/\/cosladapre.toools.es\/educacion-y-deportes\/2021\/09\/16\/programa-de-mejora-del-rendimiento-escolar-2021-2022\/"},"modified":"2021-09-16T00:00:00","modified_gmt":"2021-09-16T00:00:00","slug":"programa-de-mejora-del-rendimiento-escolar-2021-2022","status":"publish","type":"post","link":"https:\/\/cosladapre.toools.es\/educacion\/2021\/09\/16\/programa-de-mejora-del-rendimiento-escolar-2021-2022\/","title":{"rendered":"Programa de Mejora del Rendimiento Escolar 2021-2022"},"content":{"rendered":"<p class=\"MsoNormal\" style=\"margin-bottom:0cm;margin-bottom:.0001pt;text-align:\njustify;line-height:normal\"><span style=\"font-size:12.0pt;font-family:&quot;Times New Roman&quot;,serif;\nmso-fareast-font-family:&quot;Times New Roman&quot;;mso-fareast-language:ES\"><b><u>IMPORTANTE<\/u> Atendiendo a la demanda recibida, os informamos que el Programa de Mejora del Rendimiento Escolar que se oferta en todos los colegios p\u00fablicos en horario de 16 h. a 17 h. AMPLIA SU OFERTA A ESCOLARES DE 1\u00ba Y 2\u00ba DE EDUCACI\u00d3N PRIMARIA.<\/b><\/span><\/p>\n<p class=\"MsoNormal\" style=\"margin-bottom:0cm;margin-bottom:.0001pt;text-align:\njustify;line-height:normal\"><span style=\"font-size:12.0pt;font-family:&quot;Times New Roman&quot;,serif;\nmso-fareast-font-family:&quot;Times New Roman&quot;;mso-fareast-language:ES\"><b> <\/b>El Programa<br \/>\nde Mejora del Rendimiento Escolar facilita al alumnado un espacio de refuerzo y<br \/>\napoyo en los estudios, donde puedan afianzar sus competencias, mejorar sus<br \/>\nrecursos y t\u00e9cnicas de aprendizaje, a la vez que facilita a las familias la<br \/>\nconciliaci\u00f3n de la vida laboral y familiar en horarios no lectivos. <br \/><\/span><\/p>\n<p class=\"MsoNormal\" style=\"margin-bottom:0cm;margin-bottom:.0001pt;text-align:\njustify;line-height:normal\"><span style=\"font-size:12.0pt;font-family:&quot;Times New Roman&quot;,serif;\nmso-fareast-font-family:&quot;Times New Roman&quot;;mso-fareast-language:ES\">Las<br \/>\ninscripciones para este Programa pueden realizarse<b> hasta el 26 de septiembre<br \/>\na trav\u00e9s de la web del Ayuntamiento de Coslada, <\/b>remitiendo la inscripci\u00f3n<br \/>\ncumplimentada y firmada a <b>rendimientescolar@ayto-coslada.es.<\/b> Las<br \/>\nactividades dar\u00e1n comienzo el 4 de octubre y el horario de las mismas de 16 a<br \/>\n17 horas de lunes a jueves. <br \/><\/span><\/p>\n<p class=\"MsoNormal\" style=\"margin-bottom:0cm;margin-bottom:.0001pt;text-align:\njustify;line-height:normal\"><span style=\"font-size:12.0pt;font-family:&quot;Times New Roman&quot;,serif;\nmso-fareast-font-family:&quot;Times New Roman&quot;;mso-fareast-language:ES\">La <b>matr\u00edcula<br \/>\nestar\u00e1 abierta a lo largo de todo el curso escolar<\/b> siempre que existan<br \/>\nplazas vacantes. <br \/><\/span><\/p>\n<p class=\"MsoNormal\" style=\"margin-bottom:0cm;margin-bottom:.0001pt;text-align:\njustify;line-height:normal\"><span style=\"font-size:12.0pt;font-family:&quot;Times New Roman&quot;,serif;\nmso-fareast-font-family:&quot;Times New Roman&quot;;mso-fareast-language:ES\">La<br \/>\nadjudicaci\u00f3n se realizar\u00e1 por estricto orden de recepci\u00f3n de solicitudes hasta<br \/>\ncubrir la totalidad de las plazas disponibles.<\/span><\/p>\n<p class=\"MsoNormal\" style=\"margin-bottom:0cm;margin-bottom:.0001pt;text-align:\njustify;line-height:normal\"><span style=\"font-size:12.0pt;font-family:&quot;Times New Roman&quot;,serif;\nmso-fareast-font-family:&quot;Times New Roman&quot;;mso-fareast-language:ES\"> <br \/><\/span><\/p>\n<p class=\"MsoNormal\" style=\"margin-bottom:0cm;margin-bottom:.0001pt;text-align:\njustify;line-height:normal\"><span style=\"font-size:12.0pt;font-family:&quot;Times New Roman&quot;,serif;\nmso-fareast-font-family:&quot;Times New Roman&quot;;mso-fareast-language:ES\">Ver<br \/>\ninformaci\u00f3n adjunta.<\/span><\/p>\n<figure class=\"wp-block-image size-full\"><img decoding=\"async\" src=\"\/wp-content\/uploads\/2021\/10\/web-rendimiento22.jpg\" alt=\"web-rendimiento22\" class=\"wp-image-9\"\/><\/figure>\n<div class=\"wp-block-file\"><a href=\"\/wp-content\/uploads\/2021\/10\/protocolo-preventivo-refuerzo-escolar-21-22.pdf\" alt=\"protocolo-preventivo-refuerzo-escolar-21-22\">PDF<\/a><a href=\"\/wp-content\/uploads\/2021\/10\/protocolo-preventivo-refuerzo-escolar-21-22.pdf\" class=\"wp-block-file__button\" alt=\"Descargar\" download>Descarga<\/a><\/div>\n<div class=\"wp-block-file\"><a href=\"\/wp-content\/uploads\/2021\/10\/mre-ficha-inscripcion-2021-2022.pdf\" alt=\"mre-ficha-inscripcion-2021-2022\">PDF<\/a><a href=\"\/wp-content\/uploads\/2021\/10\/mre-ficha-inscripcion-2021-2022.pdf\" class=\"wp-block-file__button\" alt=\"Descargar\" download>Descarga<\/a><\/div>\n<div class=\"wp-block-file\"><a href=\"\/wp-content\/uploads\/2021\/10\/declaracion-responsable-una-firma.pdf\" alt=\"declaracion-responsable-una-firma\">PDF<\/a><a href=\"\/wp-content\/uploads\/2021\/10\/declaracion-responsable-una-firma.pdf\" class=\"wp-block-file__button\" alt=\"Descargar\" download>Descarga<\/a><\/div>\n<div class=\"wp-block-file\"><a href=\"\/wp-content\/uploads\/2021\/10\/refuerzoescolar21-22.pdf\" alt=\"refuerzoescolar21-22\">PDF<\/a><a href=\"\/wp-content\/uploads\/2021\/10\/refuerzoescolar21-22.pdf\" class=\"wp-block-file__button\" alt=\"Descargar\" download>Descarga<\/a><\/div>\n","protected":false},"excerpt":{"rendered":"<p>IMPORTANTE Atendiendo a la demanda recibida, os informamos que el Programa de Mejora del Rendimiento Escolar que se oferta en todos los colegios p\u00fablicos en horario de 16 h. a 17 h. AMPLIA SU OFERTA A ESCOLARES DE 1\u00ba Y 2\u00ba DE EDUCACI\u00d3N PRIMARIA. El Programa de Mejora del Rendimiento Escolar facilita al alumnado un&hellip; <a class=\"continue\" href=\"https:\/\/cosladapre.toools.es\/educacion\/2021\/09\/16\/programa-de-mejora-del-rendimiento-escolar-2021-2022\/\">Seguir leyendo<span> Programa de Mejora del Rendimiento Escolar 2021-2022<\/span><\/a><\/p>\n","protected":false},"author":1,"featured_media":0,"comment_status":"open","ping_status":"open","sticky":false,"template":"","format":"standard","meta":{"ngg_post_thumbnail":0,"footnotes":""},"categories":[1],"tags":[],"class_list":["post-1037","post","type-post","status-publish","format-standard","hentry","category-sin-categoria"],"publishpress_future_action":{"enabled":false,"date":"2026-05-07 15:16:32","action":"change-status","newStatus":"draft","terms":[],"taxonomy":"category","extraData":[]},"publishpress_future_workflow_manual_trigger":{"enabledWorkflows":[]},"_links":{"self":[{"href":"https:\/\/cosladapre.toools.es\/educacion\/wp-json\/wp\/v2\/posts\/1037","targetHints":{"allow":["GET"]}}],"collection":[{"href":"https:\/\/cosladapre.toools.es\/educacion\/wp-json\/wp\/v2\/posts"}],"about":[{"href":"https:\/\/cosladapre.toools.es\/educacion\/wp-json\/wp\/v2\/types\/post"}],"author":[{"embeddable":true,"href":"https:\/\/cosladapre.toools.es\/educacion\/wp-json\/wp\/v2\/users\/1"}],"replies":[{"embeddable":true,"href":"https:\/\/cosladapre.toools.es\/educacion\/wp-json\/wp\/v2\/comments?post=1037"}],"version-history":[{"count":0,"href":"https:\/\/cosladapre.toools.es\/educacion\/wp-json\/wp\/v2\/posts\/1037\/revisions"}],"wp:attachment":[{"href":"https:\/\/cosladapre.toools.es\/educacion\/wp-json\/wp\/v2\/media?parent=1037"}],"wp:term":[{"taxonomy":"category","embeddable":true,"href":"https:\/\/cosladapre.toools.es\/educacion\/wp-json\/wp\/v2\/categories?post=1037"},{"taxonomy":"post_tag","embeddable":true,"href":"https:\/\/cosladapre.toools.es\/educacion\/wp-json\/wp\/v2\/tags?post=1037"}],"curies":[{"name":"wp","href":"https:\/\/api.w.org\/{rel}","templated":true}]}}