{"id":1029,"date":"2021-12-21T00:00:00","date_gmt":"2021-12-21T00:00:00","guid":{"rendered":"https:\/\/cosladapre.toools.es\/educacion-y-deportes\/2021\/12\/21\/el-programa-coslada-juega-vaciones-en-navidad-se-desarrollara-durante-un-total-de-9-dias-de-diciembre-y-enero\/"},"modified":"2021-12-21T00:00:00","modified_gmt":"2021-12-21T00:00:00","slug":"el-programa-coslada-juega-vaciones-en-navidad-se-desarrollara-durante-un-total-de-9-dias-de-diciembre-y-enero","status":"publish","type":"post","link":"https:\/\/cosladapre.toools.es\/educacion\/2021\/12\/21\/el-programa-coslada-juega-vaciones-en-navidad-se-desarrollara-durante-un-total-de-9-dias-de-diciembre-y-enero\/","title":{"rendered":"El programa Coslada Juega, vaciones en Navidad se desarrollar\u00e1 durante un total de 9 d\u00edas de diciembre y enero"},"content":{"rendered":"<p>Un a\u00f1o m\u00e1s, como suele ser ya tradicional<br \/>\nen la ciudad, el Ayuntamiento de Coslada, a trav\u00e9s de la Concejal\u00eda<br \/>\nde Educaci\u00f3n, impulsa el programa <i><b>Coslada Juega, vacaciones en<br \/>\nNavidad.<\/b><\/i><\/p>\n<p>Cabe<br \/>\nrecordar que esta iniciativa, impulsada por el \u00e1rea de Educaci\u00f3n, permite a las<br \/>\ny los ni\u00f1os inscritos <b>desarrollar actividades que ocupan de forma positiva,<br \/>\ncreativa y enriquecedora<\/b> su tiempo libre en estas semana de asueto escolar.<br \/>\nLo hace, adem\u00e1s, proporcionando una alternativa de ocio que integra diversi\u00f3n y<br \/>\naprendizaje.<\/p>\n<p>Asimismo,<br \/>\na trav\u00e9s del programa se logra un mayor aprovechamiento de los <b>centros<br \/>\neducativos optimizando el uso<\/b> de sus instalaciones mediante un incremento de la<br \/>\noferta de los servicios educativos en vacaciones escolares, lo cual ayuda a las<br \/>\nfamilias a <b>conciliar la vida familiar y laboral.<\/b><\/p>\n<p>Precisamente,<br \/>\npara cumplir con esas metas, las distintas acciones que las y los participantes<br \/>\nllevar\u00e1n a cabo ser\u00e1n deportivas, culturales y art\u00edsticas. Tambi\u00e9n habr\u00e1<br \/>\njuegos de habilidad, de acci\u00f3n, de estrategia, cooperativos, de mesa,<br \/>\nrecreativos y de educaci\u00f3n en valores. A la anterior tem\u00e1tica se sumar\u00e1n talleres<br \/>\ncreativos.<\/p>\n<p>Hay que<br \/>\ndestacar que las actividades<b> se ajustan al ritmo, capacidades e intereses del<br \/>\nalumnado <\/b>y se realizar\u00e1n siempre en el interior de los colegios.<\/p>\n<p>En este<br \/>\nsentido, para la estructuraci\u00f3n de los diferentes grupos que se repartir\u00e1n en<br \/>\nvarios colegios coslade\u00f1os se ha tenido en cuenta la edad, de manera que se ha<br \/>\nrespetado la diferencia entre Infantil y Primaria, trabajando con los <b>grupos<br \/>\nde edad de 3 a 5 a\u00f1os; de 6 a 9 a\u00f1os y de 10 a 12 a\u00f1os.<\/b><\/p>\n<p>Coslada<br \/>\nJuega, vacaciones en Navidad, d<b>urar\u00e1 este a\u00f1o 9 d\u00edas (23, 27, 28,<br \/>\n29 y 30 de diciembre de 2021 y 3, 4, 5 y 7 de enero de 2022) y se<br \/>\ndesarrollar\u00e1 en dos colegios p\u00fablicos, el CEIP El Olivo y el CEIP Torres<br \/>\nQuevedo<\/b>. En ambos centros con horarios de 07.00 a 16.00 horas, incluyendo<br \/>\nservicio de acogida con desayuno y comedor.<\/p>\n<p>En total<br \/>\nse han recogido 150 inscripciones de menores y todas ellas han sido<br \/>\nadjudicadas seg\u00fan su necesidad. De las 150 peticiones, 100 van a participar en<br \/>\nEl Olivo y 50 en el Torres Quevedo. Entre las y los participantes se han<br \/>\napuntado 2 alumnos\/as con necesidades educativas especiales que dispondr\u00e1n de<br \/>\nun profesional de apoyo exclusivo para cada uno de ellos.<\/p>\n<p>Importante resaltar que todas<br \/>\nlas iniciativas se llevar\u00e1n a cabo siguiendo lo que marca el protocolo<br \/>\nCovid-19, con lo que se tendr\u00e1n en cuenta las recomendaciones e<br \/>\ninstrucciones sanitarias vigentes.<\/p>\n<\/p>\n<figure class=\"wp-block-image size-full\"><img decoding=\"async\" src=\"\/wp-content\/uploads\/2021\/10\/coslada-juega-en-navidad-ceip-torres-quevedo.jpg\" alt=\"coslada-juega-en-navidad-ceip-torres-quevedo\" class=\"wp-image-9\"\/><\/figure>\n<figure class=\"wp-block-image size-full\"><img decoding=\"async\" src=\"\/wp-content\/uploads\/2021\/10\/coslada-juega-en-navidad-ceip-olivo-arch-ayto-coslada.jpg\" alt=\"coslada-juega-en-navidad-ceip-olivo-arch-ayto-coslada\" class=\"wp-image-9\"\/><\/figure>\n","protected":false},"excerpt":{"rendered":"<p>Un a\u00f1o m\u00e1s, como suele ser ya tradicional en la ciudad, el Ayuntamiento de Coslada, a trav\u00e9s de la Concejal\u00eda de Educaci\u00f3n, impulsa el programa Coslada Juega, vacaciones en Navidad. Cabe recordar que esta iniciativa, impulsada por el \u00e1rea de Educaci\u00f3n, permite a las y los ni\u00f1os inscritos desarrollar actividades que ocupan de forma positiva,&hellip; <a class=\"continue\" href=\"https:\/\/cosladapre.toools.es\/educacion\/2021\/12\/21\/el-programa-coslada-juega-vaciones-en-navidad-se-desarrollara-durante-un-total-de-9-dias-de-diciembre-y-enero\/\">Seguir leyendo<span> El programa Coslada Juega, vaciones en Navidad se desarrollar\u00e1 durante un total de 9 d\u00edas de diciembre y enero<\/span><\/a><\/p>\n","protected":false},"author":1,"featured_media":0,"comment_status":"open","ping_status":"open","sticky":false,"template":"","format":"standard","meta":{"ngg_post_thumbnail":0,"footnotes":""},"categories":[1],"tags":[],"class_list":["post-1029","post","type-post","status-publish","format-standard","hentry","category-sin-categoria"],"publishpress_future_action":{"enabled":false,"date":"2026-05-07 16:43:39","action":"change-status","newStatus":"draft","terms":[],"taxonomy":"category","extraData":[]},"publishpress_future_workflow_manual_trigger":{"enabledWorkflows":[]},"_links":{"self":[{"href":"https:\/\/cosladapre.toools.es\/educacion\/wp-json\/wp\/v2\/posts\/1029","targetHints":{"allow":["GET"]}}],"collection":[{"href":"https:\/\/cosladapre.toools.es\/educacion\/wp-json\/wp\/v2\/posts"}],"about":[{"href":"https:\/\/cosladapre.toools.es\/educacion\/wp-json\/wp\/v2\/types\/post"}],"author":[{"embeddable":true,"href":"https:\/\/cosladapre.toools.es\/educacion\/wp-json\/wp\/v2\/users\/1"}],"replies":[{"embeddable":true,"href":"https:\/\/cosladapre.toools.es\/educacion\/wp-json\/wp\/v2\/comments?post=1029"}],"version-history":[{"count":0,"href":"https:\/\/cosladapre.toools.es\/educacion\/wp-json\/wp\/v2\/posts\/1029\/revisions"}],"wp:attachment":[{"href":"https:\/\/cosladapre.toools.es\/educacion\/wp-json\/wp\/v2\/media?parent=1029"}],"wp:term":[{"taxonomy":"category","embeddable":true,"href":"https:\/\/cosladapre.toools.es\/educacion\/wp-json\/wp\/v2\/categories?post=1029"},{"taxonomy":"post_tag","embeddable":true,"href":"https:\/\/cosladapre.toools.es\/educacion\/wp-json\/wp\/v2\/tags?post=1029"}],"curies":[{"name":"wp","href":"https:\/\/api.w.org\/{rel}","templated":true}]}}