{"id":1010,"date":"2022-04-04T00:00:00","date_gmt":"2022-04-04T00:00:00","guid":{"rendered":"https:\/\/cosladapre.toools.es\/educacion-y-deportes\/2022\/04\/04\/proceso-de-admision-alumnado-de-2-ciclo-de-ed-infantil-ed-primaria-ed-especial-eso-y-bachillerato-curso-2022-23\/"},"modified":"2022-04-04T00:00:00","modified_gmt":"2022-04-04T00:00:00","slug":"proceso-de-admision-alumnado-de-2-ciclo-de-ed-infantil-ed-primaria-ed-especial-eso-y-bachillerato-curso-2022-23","status":"publish","type":"post","link":"https:\/\/cosladapre.toools.es\/educacion\/2022\/04\/04\/proceso-de-admision-alumnado-de-2-ciclo-de-ed-infantil-ed-primaria-ed-especial-eso-y-bachillerato-curso-2022-23\/","title":{"rendered":"Proceso de admisi\u00f3n alumnado de 2\u00ba Ciclo de Ed. Infantil, Ed. Primaria, Ed. Especial, ESO y Bachillerato. Curso 2022-23"},"content":{"rendered":"<p class=\"MsoNormal\" style=\"text-align:justify\">Resoluci\u00f3n conjunta de las Viceconsejer\u00edas<br \/>\nde pol\u00edtica educativa y de organizaci\u00f3n educativa por la que se dictan<br \/>\ninstrucciones sobre la participaci\u00f3n en el proceso de admisi\u00f3n de alumnos en<br \/>\ncentros docentes sostenidos con fondos p\u00fablicos que imparten Segundo Ciclo de Educaci\u00f3n Infantil, Educaci\u00f3n Primaria, Educaci\u00f3n Especial, Educaci\u00f3n Secundaria Obligatoria y Bachillerato de la Comunidad de Madrid para el curso<br \/>\n2022\/2023.<\/p>\n<p class=\"MsoNormal\" style=\"text-align:justify\"><b><u>Presentaci\u00f3n de solicitudes de participaci\u00f3n en el proceso de admisi\u00f3n<\/u><\/b><\/p>\n<p class=\"MsoNormal\" style=\"text-align:justify\">El plazo para la presentaci\u00f3n de solicitudes de participaci\u00f3n en el proceso ordinario de admisi\u00f3n de alumnos para el curso 2022\/2023 comprender\u00e1 del 21 de abril al 5 de mayo de 2022, ambas fechas inclusive.<\/p>\n<p class=\"MsoNormal\" style=\"text-align:justify\">Para m\u00e1s informaci\u00f3n ver archivo adjunto<b><br \/><\/b><\/p>\n<div class=\"wp-block-file\"><a href=\"\/wp-content\/uploads\/2021\/10\/resolucionadmision25-032022-2023.pdf\" alt=\"resolucionadmision25-032022-2023\">PDF<\/a><a href=\"\/wp-content\/uploads\/2021\/10\/resolucionadmision25-032022-2023.pdf\" class=\"wp-block-file__button\" alt=\"Descargar\" download>Descarga<\/a><\/div>\n<figure class=\"wp-block-image size-full\"><img decoding=\"async\" src=\"\/wp-content\/uploads\/2021\/10\/imagen-22-23.jpg\" alt=\"imagen-22-23\" class=\"wp-image-9\"\/><\/figure>\n","protected":false},"excerpt":{"rendered":"<p>Resoluci\u00f3n conjunta de las Viceconsejer\u00edas de pol\u00edtica educativa y de organizaci\u00f3n educativa por la que se dictan instrucciones sobre la participaci\u00f3n en el proceso de admisi\u00f3n de alumnos en centros docentes sostenidos con fondos p\u00fablicos que imparten Segundo Ciclo de Educaci\u00f3n Infantil, Educaci\u00f3n Primaria, Educaci\u00f3n Especial, Educaci\u00f3n Secundaria Obligatoria y Bachillerato de la Comunidad de&hellip; <a class=\"continue\" href=\"https:\/\/cosladapre.toools.es\/educacion\/2022\/04\/04\/proceso-de-admision-alumnado-de-2-ciclo-de-ed-infantil-ed-primaria-ed-especial-eso-y-bachillerato-curso-2022-23\/\">Seguir leyendo<span> Proceso de admisi\u00f3n alumnado de 2\u00ba Ciclo de Ed. Infantil, Ed. Primaria, Ed. Especial, ESO y Bachillerato. Curso 2022-23<\/span><\/a><\/p>\n","protected":false},"author":1,"featured_media":0,"comment_status":"open","ping_status":"open","sticky":false,"template":"","format":"standard","meta":{"ngg_post_thumbnail":0,"footnotes":""},"categories":[1],"tags":[],"class_list":["post-1010","post","type-post","status-publish","format-standard","hentry","category-sin-categoria"],"publishpress_future_action":{"enabled":false,"date":"2026-05-07 21:38:56","action":"change-status","newStatus":"draft","terms":[],"taxonomy":"category","extraData":[]},"publishpress_future_workflow_manual_trigger":{"enabledWorkflows":[]},"_links":{"self":[{"href":"https:\/\/cosladapre.toools.es\/educacion\/wp-json\/wp\/v2\/posts\/1010","targetHints":{"allow":["GET"]}}],"collection":[{"href":"https:\/\/cosladapre.toools.es\/educacion\/wp-json\/wp\/v2\/posts"}],"about":[{"href":"https:\/\/cosladapre.toools.es\/educacion\/wp-json\/wp\/v2\/types\/post"}],"author":[{"embeddable":true,"href":"https:\/\/cosladapre.toools.es\/educacion\/wp-json\/wp\/v2\/users\/1"}],"replies":[{"embeddable":true,"href":"https:\/\/cosladapre.toools.es\/educacion\/wp-json\/wp\/v2\/comments?post=1010"}],"version-history":[{"count":0,"href":"https:\/\/cosladapre.toools.es\/educacion\/wp-json\/wp\/v2\/posts\/1010\/revisions"}],"wp:attachment":[{"href":"https:\/\/cosladapre.toools.es\/educacion\/wp-json\/wp\/v2\/media?parent=1010"}],"wp:term":[{"taxonomy":"category","embeddable":true,"href":"https:\/\/cosladapre.toools.es\/educacion\/wp-json\/wp\/v2\/categories?post=1010"},{"taxonomy":"post_tag","embeddable":true,"href":"https:\/\/cosladapre.toools.es\/educacion\/wp-json\/wp\/v2\/tags?post=1010"}],"curies":[{"name":"wp","href":"https:\/\/api.w.org\/{rel}","templated":true}]}}